{"id":542,"date":"2017-03-02T14:32:46","date_gmt":"2017-03-02T13:32:46","guid":{"rendered":"http:\/\/gaetanvangoidsenhoven.be\/?p=542"},"modified":"2017-03-02T14:32:46","modified_gmt":"2017-03-02T13:32:46","slug":"gaetan-van-goidsenhoven-remplace-vincent-de-wolf-au-parlement-de-la-federation-wallonie-bruxelles","status":"publish","type":"post","link":"https:\/\/gaetanvangoidsenhoven.be\/index.php\/2017\/03\/02\/gaetan-van-goidsenhoven-remplace-vincent-de-wolf-au-parlement-de-la-federation-wallonie-bruxelles\/","title":{"rendered":"Ga\u00ebtan Van Goidsenhoven remplace Vincent De Wolf au Parlement de la F\u00e9d\u00e9ration Wallonie-Bruxelles"},"content":{"rendered":"<header class=\"entry-header\">\n<div class=\"entry-meta\">\n<h1 class=\"entry-title\">Ga\u00ebtan Van Goidsenhoven remplace Vincent De Wolf au Parlement de la F\u00e9d\u00e9ration Wallonie-Bruxelles<\/h1>\n<\/div>\n<h1 class=\"entry-title\"><strong><img loading=\"lazy\" decoding=\"async\" class=\"alignnone size-full wp-image-141758\" src=\"http:\/\/bx1.be\/wp-content\/uploads\/2016\/09\/gaetan.jpg\" sizes=\"auto, (max-width: 1020px) 100vw, 1020px\" srcset=\"http:\/\/bx1.be\/wp-content\/uploads\/2016\/09\/gaetan.jpg 1020w, http:\/\/bx1.be\/wp-content\/uploads\/2016\/09\/gaetan-300x165.jpg 300w, http:\/\/bx1.be\/wp-content\/uploads\/2016\/09\/gaetan-768x422.jpg 768w, http:\/\/bx1.be\/wp-content\/uploads\/2016\/09\/gaetan-150x82.jpg 150w, http:\/\/bx1.be\/wp-content\/uploads\/2016\/09\/gaetan-319x175.jpg 319w, http:\/\/bx1.be\/wp-content\/uploads\/2016\/09\/gaetan-260x143.jpg 260w\" alt=\"gaetan\" width=\"1020\" height=\"560\"><br \/>\n<\/strong><\/h1>\n<\/header>\n<div class=\"entry-content\">\n<p class=\"PreLine\"><strong>Le chef de groupe MR au Parlement r\u00e9gional bruxellois, Vincent De Wolf, a d\u00e9cid\u00e9 de quitter sa fonction de d\u00e9put\u00e9 au sein du Parlement de la F\u00e9d\u00e9ration Wallonie-Bruxelles<\/strong>, qu\u2019il occupait depuis le scrutin de mai 2014 et, d\u00e8s lors, de remettre cette fonction entre les mains du Pr\u00e9sident du MR, Olivier Chastel, a annonc\u00e9 le MR, mardi matin.<\/p>\n<p class=\"PreLine\">En concertation avec Vincent De Wolf, <strong>le Pr\u00e9sident du MR a d\u00e9sign\u00e9 Ga\u00ebtan Van Goidsenhoven pour l\u2019exercice de cette fonction au sein de l\u2019h\u00e9micycle des francophones<\/strong>, \u00ab\u00a0<em>ce qui lui permettra de poursuivre et d\u00e9velopper harmonieusement son engagement en qualit\u00e9 de Chef de groupe au Parlement francophone bruxellois\u00a0\u00bb<\/em>&nbsp;, a pr\u00e9cis\u00e9 le Mouvement R\u00e9formateur. Ex-bourgmestre d\u2019Anderlecht, Ga\u00ebtan Van Goidsenhoven y est actuellement premier \u00e9chevin et chef de file des lib\u00e9raux.<\/p>\n<\/div>\n<p class=\"PreLine\">&nbsp;<\/p>\n<p class=\"PreLine\"><em>Retrouvez l&rsquo;int\u00e9gralit\u00e9 de l&rsquo;article <a href=\"http:\/\/bx1.be\/news\/gaetan-van-goidsenhoven-remplace-vincent-de-wolf-au-parlement-de-la-federation-wallonie-bruxelles\/\">ici<\/a>.<\/em><br \/>\n<em>BX1, 20 septembre 2016.<\/em><\/p>\n","protected":false},"excerpt":{"rendered":"<p>Ga\u00ebtan Van Goidsenhoven remplace Vincent De Wolf au Parlement de la F\u00e9d\u00e9ration Wallonie-Bruxelles [&hellip;]<\/p>\n","protected":false},"author":2,"featured_media":0,"comment_status":"closed","ping_status":"open","sticky":false,"template":"","format":"standard","meta":{"ngg_post_thumbnail":0,"footnotes":""},"categories":[19],"tags":[],"class_list":["post-542","post","type-post","status-publish","format-standard","hentry","category-presse"],"aioseo_notices":[],"_links":{"self":[{"href":"https:\/\/gaetanvangoidsenhoven.be\/index.php\/wp-json\/wp\/v2\/posts\/542","targetHints":{"allow":["GET"]}}],"collection":[{"href":"https:\/\/gaetanvangoidsenhoven.be\/index.php\/wp-json\/wp\/v2\/posts"}],"about":[{"href":"https:\/\/gaetanvangoidsenhoven.be\/index.php\/wp-json\/wp\/v2\/types\/post"}],"author":[{"embeddable":true,"href":"https:\/\/gaetanvangoidsenhoven.be\/index.php\/wp-json\/wp\/v2\/users\/2"}],"replies":[{"embeddable":true,"href":"https:\/\/gaetanvangoidsenhoven.be\/index.php\/wp-json\/wp\/v2\/comments?post=542"}],"version-history":[{"count":1,"href":"https:\/\/gaetanvangoidsenhoven.be\/index.php\/wp-json\/wp\/v2\/posts\/542\/revisions"}],"predecessor-version":[{"id":543,"href":"https:\/\/gaetanvangoidsenhoven.be\/index.php\/wp-json\/wp\/v2\/posts\/542\/revisions\/543"}],"wp:attachment":[{"href":"https:\/\/gaetanvangoidsenhoven.be\/index.php\/wp-json\/wp\/v2\/media?parent=542"}],"wp:term":[{"taxonomy":"category","embeddable":true,"href":"https:\/\/gaetanvangoidsenhoven.be\/index.php\/wp-json\/wp\/v2\/categories?post=542"},{"taxonomy":"post_tag","embeddable":true,"href":"https:\/\/gaetanvangoidsenhoven.be\/index.php\/wp-json\/wp\/v2\/tags?post=542"}],"curies":[{"name":"wp","href":"https:\/\/api.w.org\/{rel}","templated":true}]}}