{"id":546,"date":"2017-03-02T14:48:33","date_gmt":"2017-03-02T13:48:33","guid":{"rendered":"http:\/\/gaetanvangoidsenhoven.be\/?p=546"},"modified":"2017-03-02T14:49:32","modified_gmt":"2017-03-02T13:49:32","slug":"vervoort-ne-convainc-pas-sur-la-reforme-de-ladministration","status":"publish","type":"post","link":"https:\/\/gaetanvangoidsenhoven.be\/index.php\/2017\/03\/02\/vervoort-ne-convainc-pas-sur-la-reforme-de-ladministration\/","title":{"rendered":"Vervoort ne convainc pas sur la r\u00e9forme de l\u2019administration"},"content":{"rendered":"<div class=\"row\">\n<div class=\"col-sm-12 block_item__double-sm block_item__triple\">\n<div class=\"article\">\n<header>\n<h1 class=\"article_title\" style=\"text-align: left;\">Vervoort ne convainc pas sur la r\u00e9forme de l\u2019administration<\/h1>\n<p class=\"article-productionData\" style=\"text-align: left;\"><img decoding=\"async\" class=\"illustration-img_img alignleft\" title=\"\u00a9 \u00a9 BAUWERAERTS Didier\" src=\"http:\/\/r2.llb.be\/image\/74\/57f39d8fcd70e9985fe9bd74.jpg\" alt=\"\" data-srcset=\"{&quot;140&quot;:&quot;http:\/\/r2.llb.be\/image\/71\/57f39d8fcd70e9985fe9bd71.jpg&quot;,&quot;300&quot;:&quot;http:\/\/r3.llb.be\/image\/72\/57f39d8fcd70e9985fe9bd72.jpg&quot;,&quot;620&quot;:&quot;http:\/\/r1.llb.be\/image\/73\/57f39d8fcd70e9985fe9bd73.jpg&quot;,&quot;940&quot;:&quot;http:\/\/r2.llb.be\/image\/74\/57f39d8fcd70e9985fe9bd74.jpg&quot;}\" data-src=\"http:\/\/r2.llb.be\/image\/74\/57f39d8fcd70e9985fe9bd74.jpg\"><\/p>\n<\/header>\n<div class=\"article-shareBox addthis_sharing_toolbox\" style=\"text-align: left;\">&nbsp;<br \/>\nLe transfert de comp\u00e9tences dans de nouveaux OIP (Organisme d\u2019Int\u00e9r\u00eat Publique) continue \u00e0 soulever des questions.<\/div>\n<\/div>\n<\/div>\n<\/div>\n<div class=\"row\">\n<div class=\"col-md-8 block_item__double-md\">\n<div class=\"article\" style=\"text-align: left;\">\n<div id=\"article-text\" class=\"article-text\">\n<p>Le ministre-pr\u00e9sident bruxellois Rudi Vervoort (PS) n\u2019est pas parvenu lundi \u00e0 convaincre sur le bien-fond\u00e9 de la d\u00e9cision prise par son gouvernement en juillet dernier de transf\u00e9rer des comp\u00e9tences de l\u2019administration dans de nouveaux organismes d\u2019int\u00e9r\u00eat public (OIP) (NDLR : tels Actiris ou Bruxelles-Environnement).<\/p>\n<p>Comme nous vous l&rsquo;annoncions&nbsp;d\u00e9but septembre, des pans entiers de l\u2019administration r\u00e9gionale vont \u00eatre d\u00e9plac\u00e9s, la fiscalit\u00e9 et l\u2019urbanisme passant sous la banni\u00e8re d\u2019OIP. Invit\u00e9 lundi apr\u00e8s-midi en commission parlementaire des Affaires g\u00e9n\u00e9rales par l\u2019opposition \u00e0 d\u00e9montrer la plus-value de la r\u00e9forme, le ministre-pr\u00e9sident s\u2019est montr\u00e9 tr\u00e8s vague.<\/p>\n<p>Des craintes concernant une diminution du contr\u00f4le parlementaire et une r\u00e9duction de la responsabilit\u00e9 des ministres de tutelle existent du c\u00f4t\u00e9 d\u2019Ecolo et du MR, dans l\u2019opposition, qui soulignent aussi la multiplication des co\u00fbts li\u00e9e \u00e0 ces nouvelles structures. Selon eux, le recours syst\u00e9matique \u00e0 des OIP pose \u00e9galement la question d\u2019\u00e9ventuels probl\u00e8mes d\u2019efficacit\u00e9 au sein de l\u2019administration.<\/p>\n<p>D\u2019aucuns s\u2019interrogent enfin sur une suppos\u00e9e volont\u00e9 du PS de court-circuiter l\u2019administration bruxelloise, rappelant que les trois OIP d\u00e9j\u00e0 cr\u00e9\u00e9s depuis le d\u00e9but de la l\u00e9gislature sont tous dirig\u00e9s par un\u2026 socialiste.<\/p>\n<p>Alors que le Conseil \u00c9conomique et Social a rendu, mi-septembre, un avis s\u00e9v\u00e8re sur le projet, estimant que les arguments pr\u00e9sent\u00e9s pour conduire la r\u00e9forme (NDLR : coh\u00e9rence, rationalisation et simplification) ne r\u00e9pondaient en rien aux objectifs invoqu\u00e9s, la d\u00e9put\u00e9 Zo\u00e9 Genot (Ecolo) a demand\u00e9 au ministre-pr\u00e9sident de d\u00e9montrer clairement la pertinence de la <i>\u00ab\u00a0cr\u00e9ation de nouveaux bidules\u00a0\u00bb<\/i>.<\/p>\n<p>Du c\u00f4t\u00e9 du MR, le d\u00e9put\u00e9 Ga\u00ebtan Van Goidsenhoven a rappel\u00e9 ses doutes et r\u00e9clam\u00e9 le calendrier et la m\u00e9thode envisag\u00e9s par l\u2019ex\u00e9cutif. L\u2019objectif du gouvernement reste de chercher l\u2019efficacit\u00e9, s\u2019est content\u00e9 de r\u00e9pondre en substance le socialiste, ajoutant que le choix des dirigeants se ferait en toute impartialit\u00e9.<\/p>\n<p>&nbsp;<\/p>\n<\/div>\n<\/div>\n<p style=\"text-align: left;\"><em>Article mis en ligne 04 octobre 2016, par Julien Thomas, La Libre.<\/em><br \/>\n<em>Pour consulter l&rsquo;article dans son int\u00e9gralit\u00e9, cliquez <a href=\"http:\/\/www.lalibre.be\/regions\/bruxelles\/vervoort-ne-convainc-pas-sur-la-reforme-de-l-administration-57f39e66cd70871fc425598b\">ici<\/a>.<\/em><\/p>\n<\/div>\n<\/div>\n","protected":false},"excerpt":{"rendered":"<p>Vervoort ne convainc pas sur la r\u00e9forme de l\u2019administration &nbsp; Le transfert de [&hellip;]<\/p>\n","protected":false},"author":2,"featured_media":0,"comment_status":"closed","ping_status":"open","sticky":false,"template":"","format":"standard","meta":{"ngg_post_thumbnail":0,"footnotes":""},"categories":[19],"tags":[],"class_list":["post-546","post","type-post","status-publish","format-standard","hentry","category-presse"],"aioseo_notices":[],"_links":{"self":[{"href":"https:\/\/gaetanvangoidsenhoven.be\/index.php\/wp-json\/wp\/v2\/posts\/546","targetHints":{"allow":["GET"]}}],"collection":[{"href":"https:\/\/gaetanvangoidsenhoven.be\/index.php\/wp-json\/wp\/v2\/posts"}],"about":[{"href":"https:\/\/gaetanvangoidsenhoven.be\/index.php\/wp-json\/wp\/v2\/types\/post"}],"author":[{"embeddable":true,"href":"https:\/\/gaetanvangoidsenhoven.be\/index.php\/wp-json\/wp\/v2\/users\/2"}],"replies":[{"embeddable":true,"href":"https:\/\/gaetanvangoidsenhoven.be\/index.php\/wp-json\/wp\/v2\/comments?post=546"}],"version-history":[{"count":2,"href":"https:\/\/gaetanvangoidsenhoven.be\/index.php\/wp-json\/wp\/v2\/posts\/546\/revisions"}],"predecessor-version":[{"id":548,"href":"https:\/\/gaetanvangoidsenhoven.be\/index.php\/wp-json\/wp\/v2\/posts\/546\/revisions\/548"}],"wp:attachment":[{"href":"https:\/\/gaetanvangoidsenhoven.be\/index.php\/wp-json\/wp\/v2\/media?parent=546"}],"wp:term":[{"taxonomy":"category","embeddable":true,"href":"https:\/\/gaetanvangoidsenhoven.be\/index.php\/wp-json\/wp\/v2\/categories?post=546"},{"taxonomy":"post_tag","embeddable":true,"href":"https:\/\/gaetanvangoidsenhoven.be\/index.php\/wp-json\/wp\/v2\/tags?post=546"}],"curies":[{"name":"wp","href":"https:\/\/api.w.org\/{rel}","templated":true}]}}