{"id":621,"date":"2009-10-29T14:44:57","date_gmt":"2009-10-29T13:44:57","guid":{"rendered":"http:\/\/gaetanvangoidsenhoven.be\/?p=621"},"modified":"2017-12-05T16:42:05","modified_gmt":"2017-12-05T15:42:05","slug":"question-ecrite-sur-le-reseau-de-cameras-dans-le-metro-bruxellois","status":"publish","type":"post","link":"https:\/\/gaetanvangoidsenhoven.be\/index.php\/2009\/10\/29\/question-ecrite-sur-le-reseau-de-cameras-dans-le-metro-bruxellois\/","title":{"rendered":"Question \u00e9crite sur le r\u00e9seau de cam\u00e9ras dans le m\u00e9tro bruxellois"},"content":{"rendered":"<p><strong>Question \u00e9crite de M. Ga\u00ebtan Van Goidsenhoven du 29 octobre 2009 adress\u00e9e \u00e0 Madame Grouwels, Ministre en charge des Transports et des Travaux publics au sein du Gouvernement bruxellois<\/strong><\/p>\n<p>concernant<strong> le r\u00e9seau de cam\u00e9ras dans le m\u00e9tro bruxellois. <\/strong><\/p>\n<p>Le r\u00e9seau du m\u00e9tro est surveill\u00e9 par de nombreuses cam\u00e9ras. Cette technologie participe \u00e0 la s\u00e9curisation des stations, ce dont je me f\u00e9licite grandement. Comme vous le savez tr\u00e8s probablement, les services de police disposent quasi tous, au niveau zonal, de centres de dispatching tout \u00e0 fait modernes et performants au d\u00e9part desquels les images r\u00e9colt\u00e9es par les cam\u00e9ras plac\u00e9es sur la voie publique peuvent \u00eatre observ\u00e9es.<\/p>\n<p>Il arrive cependant r\u00e9guli\u00e8rement que des \u00e9v\u00e9nements (\u00e9meutes, bagarres entre bandes, \u2026) concernent \u00e0 la fois l\u2019espace public (la surface) et le r\u00e9seau souterrain de la STIB. Je m\u2019interroge d\u00e8s lors quant \u00e0 la possibilit\u00e9 pour les services des polices locales de consulter les images capt\u00e9es par les cam\u00e9ras plac\u00e9es dans le r\u00e9seau du m\u00e9tro.<\/p>\n<p>\u2013 Des projets sont-ils en cours pour favoriser cet \u00e9change d\u2019images ?<\/p>\n<p>\u2013 Des budgets sont-ils d\u2019ores et d\u00e9j\u00e0 r\u00e9serv\u00e9s \u00e0 ces fins ?<\/p>\n<p>\u2013 Dans l\u2019affirmative, dans quels d\u00e9lais les dispatchings de chacune de nos 6 zones de police pourront recevoir les images prises dans le r\u00e9seau souterrain ?<\/p>\n<p><strong>R\u00e9ponse<\/strong> : Les images des cam\u00e9ras provenant des stations de m\u00e9tro sont d\u00e9j\u00e0 disponibles pour les forces de l\u2019ordre. En effet, le poste de commandement de la Brigade du m\u00e9tro de la police f\u00e9d\u00e9rale des chemins de fer visionne en temps r\u00e9el l\u2019ensemble des cam\u00e9ras de surveillance des stations de m\u00e9tro. Au niveau du principe, je suis certainement pour que les polices locales puissent disposer d&rsquo;une possibilit\u00e9 de visionner les images des cam\u00e9ras situ\u00e9es sur leur territoire. Ceci devrait toutefois \u00e0 mon avis faire l&rsquo;objet d&rsquo;une concertation entre la police f\u00e9d\u00e9rale et la police locale. Par ailleurs, l\u2019ensemble des services de police peut, conform\u00e9- ment \u00e0 la l\u00e9gislation en vigueur, avoir acc\u00e8s aux enregistrements des images des cam\u00e9ras dans les stations et les v\u00e9hicules en faisant valoir un mandat judiciaire.<\/p>\n<p>Pour retrouver le texte dans son int\u00e9gralit\u00e9, cliquez <a href=\"http:\/\/www.weblex.irisnet.be\/data\/crb\/bqr\/2010-11\/00019\/images.pdf\">ici<\/a>. Octobre 2009, pp. 84<\/p>\n","protected":false},"excerpt":{"rendered":"<p>Question \u00e9crite de M. Ga\u00ebtan Van Goidsenhoven du 29 octobre 2009 adress\u00e9e \u00e0 [&hellip;]<\/p>\n","protected":false},"author":2,"featured_media":0,"comment_status":"closed","ping_status":"open","sticky":false,"template":"","format":"standard","meta":{"ngg_post_thumbnail":0,"footnotes":""},"categories":[34],"tags":[],"class_list":["post-621","post","type-post","status-publish","format-standard","hentry","category-questions"],"aioseo_notices":[],"_links":{"self":[{"href":"https:\/\/gaetanvangoidsenhoven.be\/index.php\/wp-json\/wp\/v2\/posts\/621","targetHints":{"allow":["GET"]}}],"collection":[{"href":"https:\/\/gaetanvangoidsenhoven.be\/index.php\/wp-json\/wp\/v2\/posts"}],"about":[{"href":"https:\/\/gaetanvangoidsenhoven.be\/index.php\/wp-json\/wp\/v2\/types\/post"}],"author":[{"embeddable":true,"href":"https:\/\/gaetanvangoidsenhoven.be\/index.php\/wp-json\/wp\/v2\/users\/2"}],"replies":[{"embeddable":true,"href":"https:\/\/gaetanvangoidsenhoven.be\/index.php\/wp-json\/wp\/v2\/comments?post=621"}],"version-history":[{"count":1,"href":"https:\/\/gaetanvangoidsenhoven.be\/index.php\/wp-json\/wp\/v2\/posts\/621\/revisions"}],"predecessor-version":[{"id":622,"href":"https:\/\/gaetanvangoidsenhoven.be\/index.php\/wp-json\/wp\/v2\/posts\/621\/revisions\/622"}],"wp:attachment":[{"href":"https:\/\/gaetanvangoidsenhoven.be\/index.php\/wp-json\/wp\/v2\/media?parent=621"}],"wp:term":[{"taxonomy":"category","embeddable":true,"href":"https:\/\/gaetanvangoidsenhoven.be\/index.php\/wp-json\/wp\/v2\/categories?post=621"},{"taxonomy":"post_tag","embeddable":true,"href":"https:\/\/gaetanvangoidsenhoven.be\/index.php\/wp-json\/wp\/v2\/tags?post=621"}],"curies":[{"name":"wp","href":"https:\/\/api.w.org\/{rel}","templated":true}]}}