{"id":643,"date":"2009-10-29T12:25:15","date_gmt":"2009-10-29T11:25:15","guid":{"rendered":"http:\/\/gaetanvangoidsenhoven.be\/?p=643"},"modified":"2017-12-05T16:37:25","modified_gmt":"2017-12-05T15:37:25","slug":"question-ecrite-sur-le-guide-des-aides-publiques-a-destination-des-commercants","status":"publish","type":"post","link":"https:\/\/gaetanvangoidsenhoven.be\/index.php\/2009\/10\/29\/question-ecrite-sur-le-guide-des-aides-publiques-a-destination-des-commercants\/","title":{"rendered":"Question \u00e9crite sur le guide des aides publiques \u00e0 destination des commer\u00e7ants"},"content":{"rendered":"<p><strong>Question \u00e9crite de M. Ga\u00ebtan Van Goidshoven du 29 octobre 2009 adress\u00e9e \u00e0 Monsieur Cerexhe, Ministre du Gouvernement bruxellois<\/strong><\/p>\n<p>concernant<strong> le guide des aides publiques \u00e0 destination des commer\u00e7ants. <\/strong><\/p>\n<p>&nbsp;<\/p>\n<p>Un guide des aides publiques \u00e0 destination des commer\u00e7ants fut semble-t-il publi\u00e9 quelques mois avant les derni\u00e8res \u00e9lections r\u00e9gionales afin de pr\u00e9senter tous les efforts consentis par les autorit\u00e9s r\u00e9gionales pour aider les ind\u00e9pendants.<\/p>\n<p>Pourriez-vous m&rsquo;indiquer :<\/p>\n<p>1. Quels sont les co\u00fbts (conception, impression, exp\u00e9dition, &#8230;) de ce guide ?<\/p>\n<p>2. Qu&rsquo;en est-il de son tirage ?<\/p>\n<p>3. A quelle p\u00e9riode et \u00e0 qui a-t-il \u00e9t\u00e9 adress\u00e9 ?<\/p>\n<p>4. Que peut-on conclure au sujet de son accueil par les professionnels ?<\/p>\n<p>5. Une nouvelle \u00e9dition de ce guide est-elle d&rsquo;ores et d\u00e9j\u00e0 en pr\u00e9paration ?<\/p>\n<p><strong>R\u00e9ponse :<\/strong> J&rsquo;ai l&rsquo;honneur de communiquer \u00e0 l&rsquo;honorable membre les \u00e9l\u00e9ments suivants :<\/p>\n<p>Le \u00ab Guide des aides publiques \u00e0 destination des commer\u00e7ants en R\u00e9gion de Bruxelles-Capitale \u00bb est paru fin 2008. Il pr\u00e9sente en effet les diff\u00e9rentes aides publiques (r\u00e9gionales, mais aussi f\u00e9d\u00e9rales et communales) \u00e0 destination des commer\u00e7ants bruxellois.<\/p>\n<p>Concernant les co\u00fbts de ce Guide : le budget total de r\u00e9alisation (conception, impression, &#8230;) s&rsquo;est \u00e9lev\u00e9 \u00e0 13.788,56 euros TVAC. Pour la r\u00e9alisation de cet ouvrage, nous avons r\u00e9alis\u00e9 un march\u00e9 : un cahier des charges a \u00e9t\u00e9 envoy\u00e9 \u00e0 6 entreprises susceptibles de pouvoir r\u00e9aliser ce projet. Deux soci\u00e9t\u00e9s ont r\u00e9pondu \u00e0 l&rsquo;appel d&rsquo;offres et le choix s&rsquo;est port\u00e9 sur le budget le plus comp\u00e9titif.<\/p>\n<p>Ce guide a \u00e9t\u00e9 tir\u00e9 \u00e0 20.000 exemplaires. Environ deux tiers ont d\u00e9j\u00e0 \u00e9t\u00e9 distribu\u00e9s. Nous recevons r\u00e9guli\u00e8rement des demandes de r\u00e9approvisionnement \u00e9manant notamment de communes ou d&rsquo;associations de commer\u00e7ants.<\/p>\n<p>La brochure a \u00e9t\u00e9 diffus\u00e9e en d\u00e9cembre 2008 via un fichier reprenant toute une s\u00e9rie d&rsquo;organismes (services communaux, asso ciations de commer\u00e7ants, &#8230;) ainsi qu&rsquo;un maximum d&rsquo;organisations susceptibles d&rsquo;\u00eatre int\u00e9ress\u00e9es par la distribution de ce guide. Ce type de distribution a l&rsquo;avantage de cibler directement les commer\u00e7ants, sans frais suppl\u00e9mentaires \u00e0 pr\u00e9voir pour la distribution.<\/p>\n<p>L&rsquo;accueil du guide a \u00e9t\u00e9 excellent: un grand nombre d&rsquo;associations de commer\u00e7ants avec qui l&rsquo;administration a des contacts pour l&rsquo;obtention de subsides ont donn\u00e9 des \u00e9chos positifs. L&rsquo;objectif de r\u00e9aliser un outil accessible semble avoir \u00e9t\u00e9 atteint.<\/p>\n<p>A l&rsquo;heure actuelle, aucune nouvelle \u00e9dition n&rsquo;est encore pr\u00e9vue. En effet, il n&rsquo;y a pas encore de mise \u00e0 jour importante \u00e0 y effectuer. Par ailleurs, le but est d&rsquo;abord d&rsquo;\u00e9couler la fin du stock disponible.<\/p>\n<p>&nbsp;<\/p>\n<p>Pour retrouver le texte dans son int\u00e9gralit\u00e9, cliquez <a href=\"http:\/\/www.weblex.irisnet.be\/data\/crb\/bqr\/2009-10\/00002\/images.pdf\">ici<\/a>. Octobre 2009, pp. 75-76<\/p>\n","protected":false},"excerpt":{"rendered":"<p>Question \u00e9crite de M. Ga\u00ebtan Van Goidshoven du 29 octobre 2009 adress\u00e9e \u00e0 [&hellip;]<\/p>\n","protected":false},"author":2,"featured_media":0,"comment_status":"closed","ping_status":"open","sticky":false,"template":"","format":"standard","meta":{"ngg_post_thumbnail":0,"footnotes":""},"categories":[34],"tags":[],"class_list":["post-643","post","type-post","status-publish","format-standard","hentry","category-questions"],"aioseo_notices":[],"_links":{"self":[{"href":"https:\/\/gaetanvangoidsenhoven.be\/index.php\/wp-json\/wp\/v2\/posts\/643","targetHints":{"allow":["GET"]}}],"collection":[{"href":"https:\/\/gaetanvangoidsenhoven.be\/index.php\/wp-json\/wp\/v2\/posts"}],"about":[{"href":"https:\/\/gaetanvangoidsenhoven.be\/index.php\/wp-json\/wp\/v2\/types\/post"}],"author":[{"embeddable":true,"href":"https:\/\/gaetanvangoidsenhoven.be\/index.php\/wp-json\/wp\/v2\/users\/2"}],"replies":[{"embeddable":true,"href":"https:\/\/gaetanvangoidsenhoven.be\/index.php\/wp-json\/wp\/v2\/comments?post=643"}],"version-history":[{"count":1,"href":"https:\/\/gaetanvangoidsenhoven.be\/index.php\/wp-json\/wp\/v2\/posts\/643\/revisions"}],"predecessor-version":[{"id":644,"href":"https:\/\/gaetanvangoidsenhoven.be\/index.php\/wp-json\/wp\/v2\/posts\/643\/revisions\/644"}],"wp:attachment":[{"href":"https:\/\/gaetanvangoidsenhoven.be\/index.php\/wp-json\/wp\/v2\/media?parent=643"}],"wp:term":[{"taxonomy":"category","embeddable":true,"href":"https:\/\/gaetanvangoidsenhoven.be\/index.php\/wp-json\/wp\/v2\/categories?post=643"},{"taxonomy":"post_tag","embeddable":true,"href":"https:\/\/gaetanvangoidsenhoven.be\/index.php\/wp-json\/wp\/v2\/tags?post=643"}],"curies":[{"name":"wp","href":"https:\/\/api.w.org\/{rel}","templated":true}]}}