{"id":708,"date":"2017-02-22T13:32:40","date_gmt":"2017-02-22T12:32:40","guid":{"rendered":"http:\/\/gaetanvangoidsenhoven.be\/?p=708"},"modified":"2018-01-26T13:49:44","modified_gmt":"2018-01-26T12:49:44","slug":"question-dactualite-sur-le-cabinet-citoyen-a-bruxelles","status":"publish","type":"post","link":"https:\/\/gaetanvangoidsenhoven.be\/index.php\/2017\/02\/22\/question-dactualite-sur-le-cabinet-citoyen-a-bruxelles\/","title":{"rendered":"Question d&rsquo;actualit\u00e9 sur le Cabinet Citoyen \u00e0 Bruxelles"},"content":{"rendered":"<p><strong>Question d&rsquo;actualit\u00e9 de M. Ga\u00ebtan Van Goidsenhoven \u00e0 M. Rachid Madrane<\/strong>, Ministre de l\u2019Aide \u00e0 la jeunesse, des Maisons de justice, des Sports et de la Promotion de Bruxelles, charg\u00e9 de la tutelle sur la Commission communautaire fran\u00e7aise de la R\u00e9gion de Bruxelles-Capitale, charg\u00e9 de la tutelle de la COCOF<\/p>\n<p>concernant<strong> le \u00abCabinet citoyen \u00e0 Bruxelles\u00bb.<\/strong><\/p>\n<p><strong>M. Ga\u00ebtan Van Goidsenhoven.<\/strong> \u2013 Monsieur le Ministre, le 17 f\u00e9vrier dernier, j\u2019ai d\u00e9couvert que vous aviez lanc\u00e9 avec votre homologue flamand, Sven Gatz, une consultation populaire \u00e0 l\u2019attention de l\u2019ensemble des citoyens du pays. Cette consultation vise \u00e0 r\u00e9colter un certain nombre d\u2019id\u00e9es afin d\u2019am\u00e9liorer l\u2019image de Bruxelles. Elle a pour objectif d\u2019aboutir \u00e0 un certain nombre de propositions qui doivent alimenter la r\u00e9flexion politique. Cette d\u00e9marche entreprise pour encourager la participation de tous les citoyens de toutes les parties du pays \u00e0 r\u00e9fl\u00e9chir sur l\u2019am\u00e9lioration de l\u2019image de la R\u00e9gion de Bruxelles-Capitale est \u00e9videmment positive.<\/p>\n<p>J\u2019aurais cependant souhait\u00e9 conna\u00eetre les moyens que vous mettez en \u0153uvre pour compiler toutes ces propositions et pour permettre \u00e0 toutes ces bonnes id\u00e9es de se mat\u00e9rialiser. Cette concr\u00e9tisation me para\u00eet fondamentale pour ne pas donner l\u2019impression au citoyen d\u2019une implication qui n\u2019est que cosm\u00e9tique. Ensuite, j\u2019aurais aim\u00e9 vous entendre sur les moyens et les budgets mis en place pour mener \u00e0 bien cette action.<\/p>\n<p>Enfin, pour conclure, j\u2019aurais aim\u00e9 vous entendre sur les objectifs qui permettront de donner corps \u00e0 cette initiative et de valoriser durablement l\u2019image de Bruxelles. Une d\u00e9marche participative et inclusive comme celle que vous entendez suivre doit en effet s\u2019inscrire dans une perspective d\u2019am\u00e9lioration durable de l\u2019image, parfois \u00e9corn\u00e9e, de la R\u00e9gion de Bruxelles-Capitale.<\/p>\n<p><strong>R\u00e9ponse de M. Rachid Madrane, Ministre de l\u2019Aide \u00e0 la jeunesse, des Maisons de justice, des Sports et de la Promotion de Bruxelles. \u2013<\/strong> Le Cabinet citoyen sera mis en place en plusieurs phases. La premi\u00e8re est une phase de recrutement: un large appel \u00e0 la participation sera diffus\u00e9 via internet, sur une plateforme dynamique, mais aussi \u00e0 travers les r\u00e9- seaux sociaux, les m\u00e9dias et les associations. Tout citoyen d\u00e9sireux de participer pourra le faire.<\/p>\n<p>La deuxi\u00e8me phase, en ligne, durera entre six et huit semaines. Il suffira \u00e0 tout participant de s\u2019inscrire sur le site www.cabinetcitoyen.be. Il recevra alors les informations utiles et pourra \u00e9voquer les sujets qui le pr\u00e9occupent. Diff\u00e9rentes questions seront par ailleurs pos\u00e9es sur la plateforme et chaque participant sera invit\u00e9 \u00e0 r\u00e9pondre aux diff\u00e9rents points abord\u00e9s.<\/p>\n<p>Une fois pass\u00e9e la phase virtuelle, les participants seront r\u00e9unis lors de v\u00e9ritables rencontres \u00abphysiques\u00bb. Ainsi, \u00e0 la fin du mois de mai ou au d\u00e9but du mois de juin, 150 participants seront s\u00e9lectionn\u00e9s sur la plateforme et prendront part \u00e0 la discussion. La s\u00e9lection de ces participants se fera sur la base de l\u2019\u00e2ge, du sexe, du lieu de r\u00e9sidence et d\u2019autres crit\u00e8res. Au cours de cette journ\u00e9e, les participants \u00e9laboreront des propositions et recommandations.<\/p>\n<p>Une consultation identique sera organis\u00e9e autour de la m\u00eame th\u00e9matique en Flandre, par le cabinet de M. Sven Gatz. Ces deux consultations donneront lieu \u00e0 la r\u00e9daction d\u2019un rapport et de recommandations. Un rapport sp\u00e9cifique sera r\u00e9dig\u00e9 \u00e0 la suite de la consultation francophone, mais il est \u00e9galement question d\u2019un rapport conjoint.<\/p>\n<p>La derni\u00e8re phase consistera \u00e0 mettre en \u0153uvre certaines recommandations issues des rapports finaux. Le budget consacr\u00e9 \u00e0 ma comp\u00e9tence li\u00e9e \u00e0 la promotion de Bruxelles est de 2 150 000 euros. Or, la cr\u00e9ation d\u2019une plateforme en ligne ne co\u00fbtera pas plus de 600 euros. Le budget d\u00e9di\u00e9 aux aspects techniques n\u2019est donc pas \u00e9norme.<\/p>\n<p>Votre question vise \u00e0 obtenir des garanties par rapport \u00e0 ce proc\u00e9d\u00e9 qui doit mettre l\u2019image de Bruxelles en valeur \u00e0 plus long terme. Sachez que je m\u2019appuie sur l\u2019exp\u00e9rience de M. Gatz qui, depuis 2014, a d\u00e9j\u00e0 eu l\u2019occasion d\u2019organiser deux Cabinets citoyens, sur les mati\u00e8res de la jeunesse et des m\u00e9dias. Ce proc\u00e9d\u00e9 n\u2019est donc pas nouveau en Flandre. Sur la base des recommandations des participants, M. Gatz a, par exemple, pu mettre en \u0153uvre l\u2019une des propositions faites, \u00e0 savoir garantir la pr\u00e9sentation syst\u00e9matique d\u2019un sujet consacr\u00e9 \u00e0 la culture dans chaque journal t\u00e9l\u00e9vis\u00e9 en Flandre.<\/p>\n<p>La Flandre et la F\u00e9d\u00e9ration Wallonie-Bruxelles mettent donc en place un m\u00eame proc\u00e9d\u00e9. Si l\u2019initiative est totalement novatrice en F\u00e9d\u00e9ration Wallonie-Bruxelles, elle existe en Flandre depuis 2014. Je suis ravi d\u2019avoir pu, avec mon homologue flamand Sven Gatz qui, comme moi, a les affaires bruxelloises dans ses attributions, lancer cette nouvelle initiative la semaine pass\u00e9e. Tr\u00e8s t\u00f4t le matin, nous avons organis\u00e9 ce qui s\u2019apparente \u00e0 un \u00abcaf\u00e9 \u00e9ph\u00e9m\u00e8re\u00bb \u00e0 la Gare centrale de Bruxelles. Les gens sont venus discuter de choses et d\u2019autres autour d\u2019un caf\u00e9. Cette activit\u00e9 fut un franc succ\u00e8s: en effet, les participants ont appr\u00e9ci\u00e9 la pr\u00e9sence d\u2019un ministre francophone et d\u2019un ministre n\u00e9erlandophone qui, tous les deux, s\u2019int\u00e9ressent \u00e0 la th\u00e9matique de Bruxelles. Par ailleurs, cet int\u00e9r\u00eat d\u00e9passe les clivages politiques, puisque M. Gatz est lib\u00e9ral et que je suis socialiste. Il a donc \u00e9t\u00e9 int\u00e9ressant de confronter nos id\u00e9es. J\u2019esp\u00e8re en tout cas que vous nous rejoignez sur le bien-fond\u00e9 de cette initiative.<\/p>\n<p><strong>R\u00e9plique de M. Ga\u00ebtan Van Goidsenhoven (MR).<\/strong> \u2013 L\u2019initiative est en effet sympathique, je ne vais pas dire le contraire. Par contre, la faisabilit\u00e9 des recommandations \u00e9mises par la population me pose question. Je crains que ces propositions ne puissent pas \u00eatre transform\u00e9es en r\u00e9alisations concr\u00e8tes. De ce fait, cette initiative qui est symboliquement int\u00e9ressante et qui suscite un enthousiasme r\u00e9el risquerait de perdre beaucoup de son \u00e9lan et de sa valeur.<\/p>\n<p>J\u2019attire donc votre attention sur l\u2019aspect le plus essentiel et le plus d\u00e9licat: comment garantir que certaines aspirations et propositions soient mat\u00e9rialis\u00e9es et concr\u00e9tis\u00e9es?<\/p>\n<p>Pour retrouver le texte dans son int\u00e9gralit\u00e9, cliquez <a href=\"http:\/\/archive.pfwb.be\/10000000205b047\">ici<\/a>.<br \/>\nCRI No 12 (2016-2017), 29\/03\/2017, pp. 11-12<\/p>\n","protected":false},"excerpt":{"rendered":"<p>Question d&rsquo;actualit\u00e9 de M. Ga\u00ebtan Van Goidsenhoven \u00e0 M. Rachid Madrane, Ministre de [&hellip;]<\/p>\n","protected":false},"author":2,"featured_media":0,"comment_status":"closed","ping_status":"open","sticky":false,"template":"","format":"standard","meta":{"ngg_post_thumbnail":0,"footnotes":""},"categories":[32],"tags":[],"class_list":["post-708","post","type-post","status-publish","format-standard","hentry","category-questionsoea"],"aioseo_notices":[],"_links":{"self":[{"href":"https:\/\/gaetanvangoidsenhoven.be\/index.php\/wp-json\/wp\/v2\/posts\/708","targetHints":{"allow":["GET"]}}],"collection":[{"href":"https:\/\/gaetanvangoidsenhoven.be\/index.php\/wp-json\/wp\/v2\/posts"}],"about":[{"href":"https:\/\/gaetanvangoidsenhoven.be\/index.php\/wp-json\/wp\/v2\/types\/post"}],"author":[{"embeddable":true,"href":"https:\/\/gaetanvangoidsenhoven.be\/index.php\/wp-json\/wp\/v2\/users\/2"}],"replies":[{"embeddable":true,"href":"https:\/\/gaetanvangoidsenhoven.be\/index.php\/wp-json\/wp\/v2\/comments?post=708"}],"version-history":[{"count":1,"href":"https:\/\/gaetanvangoidsenhoven.be\/index.php\/wp-json\/wp\/v2\/posts\/708\/revisions"}],"predecessor-version":[{"id":709,"href":"https:\/\/gaetanvangoidsenhoven.be\/index.php\/wp-json\/wp\/v2\/posts\/708\/revisions\/709"}],"wp:attachment":[{"href":"https:\/\/gaetanvangoidsenhoven.be\/index.php\/wp-json\/wp\/v2\/media?parent=708"}],"wp:term":[{"taxonomy":"category","embeddable":true,"href":"https:\/\/gaetanvangoidsenhoven.be\/index.php\/wp-json\/wp\/v2\/categories?post=708"},{"taxonomy":"post_tag","embeddable":true,"href":"https:\/\/gaetanvangoidsenhoven.be\/index.php\/wp-json\/wp\/v2\/tags?post=708"}],"curies":[{"name":"wp","href":"https:\/\/api.w.org\/{rel}","templated":true}]}}