{"id":718,"date":"2017-06-22T14:48:49","date_gmt":"2017-06-22T13:48:49","guid":{"rendered":"http:\/\/gaetanvangoidsenhoven.be\/?p=718"},"modified":"2017-06-22T14:51:58","modified_gmt":"2017-06-22T13:51:58","slug":"proposition-de-resolution-visant-a-soutenir-la-candidature-de-la-region-bruxelloise-pour-lorganisation-dun-prochain-sommet-de-la-francophonie","status":"publish","type":"post","link":"https:\/\/gaetanvangoidsenhoven.be\/index.php\/2017\/06\/22\/proposition-de-resolution-visant-a-soutenir-la-candidature-de-la-region-bruxelloise-pour-lorganisation-dun-prochain-sommet-de-la-francophonie\/","title":{"rendered":"Proposition de r\u00e9solution visant \u00e0 soutenir la candidature de la R\u00e9gion bruxelloise pour l&rsquo;organisation d&rsquo;un prochain sommet de la Francophonie"},"content":{"rendered":"<h2 style=\"text-align: center;\" align=\"center\"><span style=\"font-family: 'Georgia',serif; color: #333333;\">PROPOSITION DE R\u00c9SOLUTION VISANT A SOUTENIR LA CANDIDATURE DE LA R\u00c9GION BRUXELLOISE POUR L&rsquo;ORGANISATION D&rsquo;UN PROCHAIN SOMMET DE LA FRANCOPHONIE<\/span><\/h2>\n<p style=\"text-align: center; font-variant-ligatures: normal; font-variant-caps: normal; orphans: 2; widows: 2; -webkit-text-stroke-width: 0px; text-decoration-style: initial; text-decoration-color: initial; word-spacing: 0px;\" align=\"center\"><span style=\"font-family: 'Georgia',serif; color: #333333;\">Proposition d\u00e9pos\u00e9e par :&nbsp;<strong><span style=\"font-family: 'Georgia',serif;\">M. GA\u00cbTAN VAN GOIDSENHOVEN ET MME&nbsp;FRAN\u00c7OISE BERTIEAUX<\/span><\/strong><\/span><\/p>\n<p style=\"text-align: center; font-variant-ligatures: normal; font-variant-caps: normal; orphans: 2; widows: 2; -webkit-text-stroke-width: 0px; text-decoration-style: initial; text-decoration-color: initial; word-spacing: 0px;\" align=\"center\">&nbsp;<\/p>\n<p style=\"text-align: center; font-variant-ligatures: normal; font-variant-caps: normal; orphans: 2; widows: 2; -webkit-text-stroke-width: 0px; text-decoration-style: initial; text-decoration-color: initial; word-spacing: 0px;\" align=\"center\"><strong><i><span style=\"font-family: 'Georgia',serif; color: #333333;\">D\u00e9veloppements<\/span><\/i><\/strong><\/p>\n<p style=\"font-variant-ligatures: normal; font-variant-caps: normal; orphans: 2; widows: 2; -webkit-text-stroke-width: 0px; text-decoration-style: initial; text-decoration-color: initial; word-spacing: 0px; text-align: left;\" align=\"center\"><strong>L\u2019Organisation Internationale de la Francophonie (OIF) : un acteur politique majeur au service de la paix, de la diversit\u00e9 culturelle et du d\u00e9veloppement<\/strong><\/p>\n<p style=\"font-variant-ligatures: normal; font-variant-caps: normal; orphans: 2; widows: 2; -webkit-text-stroke-width: 0px; text-decoration-style: initial; text-decoration-color: initial; word-spacing: 0px; text-align: left;\" align=\"center\">La Francophonie, ce sont tout d\u2019abord des femmes et des hommes qui partagent une langue commune, le fran\u00e7ais. Le dernier rapport de l\u2019Observatoire de la langue fran\u00e7aise, publi\u00e9 en 2014, estime leur nombre \u00e0 274 millions de locuteurs, r\u00e9partis sur les cinq continents.<\/p>\n<p style=\"font-variant-ligatures: normal; font-variant-caps: normal; orphans: 2; widows: 2; -webkit-text-stroke-width: 0px; text-decoration-style: initial; text-decoration-color: initial; word-spacing: 0px; text-align: left;\" align=\"center\">Depuis 1970 et la cr\u00e9ation de l\u2019agence de coop\u00e9ration culturelle et technique (ACCT) \u2013 devenue aujourd\u2019hui l\u2019Organisation internationale de la Francophonie (OIF) \u2013 les francophones peuvent s\u2019appuyer sur un dispositif institutionnel vou\u00e9 \u00e0 promouvoir la langue fran\u00e7aise et les relations de coop\u00e9ration entre les 80 \u00c9tats et gouvernements membres ou observateurs de l\u2019OIF.<\/p>\n<p style=\"font-variant-ligatures: normal; font-variant-caps: normal; orphans: 2; widows: 2; -webkit-text-stroke-width: 0px; text-decoration-style: initial; text-decoration-color: initial; word-spacing: 0px; text-align: left;\" align=\"center\">Les missions de l\u2019OIF sont clairement d\u00e9fi nies dans un cadre strat\u00e9gique, trac\u00e9es par le Sommet de la Francophonie :<br \/>\n\u2013 promouvoir la langue fran\u00e7aise et la diversit\u00e9 culturelle et linguistique;<br \/>\n\u2013 promouvoir la paix, la d\u00e9mocratie et les droits de l\u2019Homme;<br \/>\n\u2013 appuyer l\u2019\u00e9ducation, la formation, l\u2019enseignement sup\u00e9rieur et la recherche;<br \/>\n\u2013 d\u00e9velopper la coop\u00e9ration au service du d\u00e9veloppement durable.<\/p>\n<p style=\"font-variant-ligatures: normal; font-variant-caps: normal; orphans: 2; widows: 2; -webkit-text-stroke-width: 0px; text-decoration-style: initial; text-decoration-color: initial; word-spacing: 0px; text-align: left;\" align=\"center\">Le premier Sommet de la Francophonie a lieu en 1986 : il r\u00e9unit des chefs d\u2019Etat et de gouvernement des pays ayant le fran\u00e7ais en partage. Instance supr\u00eame de la Francophonie, ce Sommet d\u00e9termine les orientations de la Francophonie de mani\u00e8re \u00e0 assurer son rayonnement dans le monde et adopte toute r\u00e9- solution qu\u2019il juge n\u00e9cessaire au bon fonctionnement de la Francophonie et \u00e0 la r\u00e9alisation de ses objectifs, comme la promotion de l\u2019\u00e9ducation. L\u2019ann\u00e9e 1997 est importante : c\u2019est en effet au cours du Sommet de Hano\u00ef qu\u2019il a \u00e9t\u00e9 d\u00e9cid\u00e9 de donner une priorit\u00e9 \u00e0 la dimension politique de la Francophonie.<\/p>\n<p style=\"font-variant-ligatures: normal; font-variant-caps: normal; orphans: 2; widows: 2; -webkit-text-stroke-width: 0px; text-decoration-style: initial; text-decoration-color: initial; word-spacing: 0px; text-align: left;\" align=\"center\">D\u2019ann\u00e9es en ann\u00e9es, la Francophonie acquiert un r\u00f4le politique grandissant sur la sc\u00e8ne internationale. Des th\u00e8mes majeurs sont trait\u00e9s par l\u2019Organisation&nbsp;Internationale de la Francophonie, et les recommandations formul\u00e9es par les participants au sommet abordent les enjeux environnementaux, \u00e9conomiques, ou encore li\u00e9s aux droits de l\u2019homme ou \u00e0 l\u2019\u00e9ducation. La culture num\u00e9rique, la diversit\u00e9 et le d\u00e9veloppement culturels, le multilinguisme figurent dans les champs d\u2019action de l\u2019organisation.<\/p>\n<p style=\"font-variant-ligatures: normal; font-variant-caps: normal; orphans: 2; widows: 2; -webkit-text-stroke-width: 0px; text-decoration-style: initial; text-decoration-color: initial; word-spacing: 0px; text-align: left;\" align=\"center\">Comme l\u2019explique Claude Duhaime, administrateur \u00e0 l\u2019OIF, \u00ab le r\u00f4le de la Francophonie n\u2019en est que plus important et d\u00e9passe m\u00eame le simple combat pour la reconnaissance de la particularit\u00e9 linguistique. Fond\u00e9e sur le dialogue interculturel, la Francophonie peut et doit rassembler et mobiliser face aux diff\u00e9rences. \u00bb<\/p>\n<p style=\"font-variant-ligatures: normal; font-variant-caps: normal; orphans: 2; widows: 2; -webkit-text-stroke-width: 0px; text-decoration-style: initial; text-decoration-color: initial; word-spacing: 0px; text-align: left;\" align=\"center\"><strong>Bruxelles : une ville incontournable pour accueillir le sommet de la Francophonie<\/strong><\/p>\n<p style=\"font-variant-ligatures: normal; font-variant-caps: normal; orphans: 2; widows: 2; -webkit-text-stroke-width: 0px; text-decoration-style: initial; text-decoration-color: initial; word-spacing: 0px; text-align: left;\" align=\"center\">Tous les deux ans, un pays membre de la Francophonie accueille le \u00ab Sommet francophone \u00bb. C\u2019est \u00e0 la fi n de chacun de ces \u00e9v\u00e9nements que leurs participants se posent la question de savoir o\u00f9 se tiendra le prochain sommet. Parmi les villes h\u00f4tes, on peut citer Beyrouth, Ouagadougou, Bucarest, Dakar, ou Hano\u00ef.<\/p>\n<p style=\"font-variant-ligatures: normal; font-variant-caps: normal; orphans: 2; widows: 2; -webkit-text-stroke-width: 0px; text-decoration-style: initial; text-decoration-color: initial; word-spacing: 0px; text-align: left;\" align=\"center\">Plusieurs facteurs interviennent au moment d\u2019effectuer le choix de la ville ou du pays o\u00f9 se tiendra le prochain sommet : il convient de tenir compte d\u2019une rotation \u00e9quilibr\u00e9e entre les diff\u00e9rentes zones g\u00e9ographiques qui composent la Francophonie tout en soulignant la n\u00e9cessit\u00e9 d\u2019exprimer un ancrage de la Francophonie dans certaines r\u00e9gions du monde.<\/p>\n<p style=\"font-variant-ligatures: normal; font-variant-caps: normal; orphans: 2; widows: 2; -webkit-text-stroke-width: 0px; text-decoration-style: initial; text-decoration-color: initial; word-spacing: 0px; text-align: left;\" align=\"center\">Jusqu\u2019\u00e0 pr\u00e9sent, pourtant, la R\u00e9gion bruxelloise n\u2019a jamais \u00e9t\u00e9 l\u2019h\u00f4te d\u2019un sommet de la Francophonie. Au sein de cette institution, la Belgique, via la f\u00e9d\u00e9ration Wallonie-Bruxelles, dispose d\u2019un si\u00e8ge lui accordant un pouvoir de d\u00e9cision \u00e9quivalent \u00e0 celui des autres membres.<\/p>\n<p style=\"font-variant-ligatures: normal; font-variant-caps: normal; orphans: 2; widows: 2; -webkit-text-stroke-width: 0px; text-decoration-style: initial; text-decoration-color: initial; word-spacing: 0px; text-align: left;\" align=\"center\">Si le co\u00fbt de l\u2019organisation d\u2019un tel \u00e9v\u00e9nement peut constituer un obstacle, une collaboration avec l\u2019\u00c9tat F\u00e9d\u00e9ral dans ce but permettrait de faire face \u00e0 ce d\u00e9fi tout en assurant une image de coh\u00e9rence de notre pays. \u00c0 travers une parfaite coop\u00e9ration en mati\u00e8re de maintien de l\u2019ordre et de la s\u00e9curit\u00e9, accueillir un sommet aussi important constituerait une r\u00e9elle chance de mettre en avant le f\u00e9d\u00e9ralisme belge tout en offrant \u00e0 la capitale une visibilit\u00e9 unique.<\/p>\n<p style=\"font-variant-ligatures: normal; font-variant-caps: normal; orphans: 2; widows: 2; -webkit-text-stroke-width: 0px; text-decoration-style: initial; text-decoration-color: initial; word-spacing: 0px; text-align: left;\" align=\"center\">Un tel \u00e9v\u00e9nement serait d\u2019ailleurs en pleine coh\u00e9rence avec le statut de Bruxelles, capitale franco-phone, europ\u00e9enne et internationale qui accueille d\u00e9j\u00e0 de nombreux sommets europ\u00e9ens et internationaux.<\/p>\n<p style=\"font-variant-ligatures: normal; font-variant-caps: normal; orphans: 2; widows: 2; -webkit-text-stroke-width: 0px; text-decoration-style: initial; text-decoration-color: initial; word-spacing: 0px; text-align: left;\" align=\"center\">D\u2019un point de vue \u00e9conomique, accueillir le Sommet de la Francophonie entra\u00eenerait des retomb\u00e9es concr\u00e8tes, et ce dans divers domaines : tourisme, emplois, logistique etc.<\/p>\n<p style=\"font-variant-ligatures: normal; font-variant-caps: normal; orphans: 2; widows: 2; -webkit-text-stroke-width: 0px; text-decoration-style: initial; text-decoration-color: initial; word-spacing: 0px; text-align: left;\" align=\"center\">Tout sommet de cette ampleur assure \u00e9galement des retomb\u00e9es indirectes, comme les activit\u00e9s culturelles ainsi que les ententes et partenariats conclus en mati\u00e8re commerciale.<\/p>\n<p style=\"font-variant-ligatures: normal; font-variant-caps: normal; orphans: 2; widows: 2; -webkit-text-stroke-width: 0px; text-decoration-style: initial; text-decoration-color: initial; word-spacing: 0px; text-align: left;\" align=\"center\">Enfin, gr\u00e2ce \u00e0 la couverture m\u00e9diatique g\u00e9n\u00e9r\u00e9e par un tel \u00e9v\u00e9nement international, il s\u2019agirait d\u2019une occasion unique de promouvoir l\u2019\u00e9conomie locale et le savoir-faire des entreprises bruxelloises.<\/p>\n<p style=\"font-variant-ligatures: normal; font-variant-caps: normal; orphans: 2; widows: 2; -webkit-text-stroke-width: 0px; text-decoration-style: initial; text-decoration-color: initial; word-spacing: 0px; text-align: left;\" align=\"center\">Quelques chiffres illustrent ces retomb\u00e9es positives : lors du Sommet de la Francophonie qui s\u2019est d\u00e9roul\u00e9 \u00e0 Moncton en 1999, des revenus de plus de 78 millions de dollars ont \u00e9t\u00e9 g\u00e9n\u00e9r\u00e9s. Ces chiffres ont \u00e9t\u00e9 communiqu\u00e9s par le Minist\u00e8re canadien des Affaires \u00e9trang\u00e8res.<\/p>\n<p style=\"font-variant-ligatures: normal; font-variant-caps: normal; orphans: 2; widows: 2; -webkit-text-stroke-width: 0px; text-decoration-style: initial; text-decoration-color: initial; word-spacing: 0px; text-align: left;\" align=\"center\">Les auteurs de la pr\u00e9sente proposition de r\u00e9solution souhaitent que le Parlement francophone bruxellois demande au Coll\u00e8ge de prendre les contacts n\u00e9cessaires avec la F\u00e9d\u00e9ration Wallonie-Bruxelles en vue de l\u2019organisation d\u2019une prochaine conf\u00e9rence des chefs d\u2019Etat et de gouvernement des pays ayant le fran\u00e7ais en partage.<\/p>\n<p style=\"text-align: center; orphans: 2; widows: 2; text-decoration-style: initial; text-decoration-color: initial;\" align=\"center\"><strong style=\"font-variant-ligatures: normal; font-variant-caps: normal; word-spacing: 0px; -webkit-text-stroke-width: 0px;\"><i><span style=\"font-family: 'Georgia',serif; color: #333333;\">PROPOSITION DE&nbsp;<\/span><\/i><\/strong><b><i><span style=\"font-family: Georgia, serif;\">R\u00c9SOLUTION<\/span><br \/>\n<\/i><\/b><span style=\"font-family: 'Georgia',serif; color: #333333;\"><br \/>\n<strong><i><span style=\"font-family: 'Georgia',serif;\">visant \u00e0 soutenir la candidature de la R\u00e9gion bruxelloise pour l&rsquo;organisation d&rsquo;un prochain sommet de la Francophonie<\/span><\/i><\/strong><\/span><\/p>\n<p style=\"text-align: left; orphans: 2; widows: 2; text-decoration-style: initial; text-decoration-color: initial;\" align=\"center\">Le Parlement francophone bruxellois,<\/p>\n<p style=\"text-align: left; orphans: 2; widows: 2; text-decoration-style: initial; text-decoration-color: initial;\" align=\"center\">a) Consid\u00e9rant le r\u00f4le grandissant de la Francophonie sur la sc\u00e8ne internationale qui est devenue un p\u00f4le d\u2019influence \u00e0 part enti\u00e8re dans le monde;<\/p>\n<p style=\"text-align: left; orphans: 2; widows: 2; text-decoration-style: initial; text-decoration-color: initial;\" align=\"center\">b) Consid\u00e9rant que la Communaut\u00e9 fran\u00e7aise est un partenaire important de l\u2019Organisation internationale de la Francophonie et qu\u2019elle y joue un r\u00f4le de premier plan jouissant d\u2019un pouvoir de d\u00e9cision identique \u00e0 celui des chefs d\u2019Etat membre;<\/p>\n<p style=\"text-align: left; orphans: 2; widows: 2; text-decoration-style: initial; text-decoration-color: initial;\" align=\"center\">c) Consid\u00e9rant que, tous les deux ans, se tient dans un pays de la Francophonie le Sommet francophone, c\u2019est-\u00e0-dire la conf\u00e9rence des chefs d\u2019Etat et de gouvernement des pays ayant le fran\u00e7ais en partage, consid\u00e9r\u00e9e comme l\u2019Instance supr\u00eame de la Francophonie;<\/p>\n<p style=\"text-align: left; orphans: 2; widows: 2; text-decoration-style: initial; text-decoration-color: initial;\" align=\"center\">d) Consid\u00e9rant que le Sommet de la Francophonie d\u00e9termine les orientations de la Francophonie de mani\u00e8re \u00e0 assurer son rayonnement dans le monde et adopte toute r\u00e9solution qu\u2019il juge n\u00e9cessaire \u00e0 son bon fonctionnement et \u00e0 la r\u00e9alisation de ses objectifs, comme la promotion de l\u2019\u00e9ducation;&nbsp;<\/p>\n<p style=\"text-align: left; orphans: 2; widows: 2; text-decoration-style: initial; text-decoration-color: initial;\" align=\"center\">e) Consid\u00e9rant que les d\u00e9cisions prises ces derni\u00e8res ann\u00e9es, lors des Sommets, ont permis de marquer des progr\u00e8s importants pour cette organisation internationale et de faire progresser la place de la langue fran\u00e7aise dans le monde;<\/p>\n<p style=\"text-align: left; orphans: 2; widows: 2; text-decoration-style: initial; text-decoration-color: initial;\" align=\"center\">f) Consid\u00e9rant que la R\u00e9gion de Bruxelles-Capitale n\u2019a jamais \u00e9t\u00e9 l\u2019h\u00f4te d\u2019un tel Sommet de la Francophonie, alors que la F\u00e9d\u00e9ration Wallonie Bruxelles compte parmi les principaux bailleurs de fonds de l\u2019Organisation internationale de la Francophonie et que la localisation de Bruxelles au c\u0153ur de l\u2019Europe et les infrastructures de haut niveau y pr\u00e9sentes permettent d\u2019accueillir des \u00e9v\u00e9nements internationaux d\u2019envergure;<\/p>\n<p style=\"text-align: left; orphans: 2; widows: 2; text-decoration-style: initial; text-decoration-color: initial;\" align=\"center\">g) Consid\u00e9rant les nombreux atouts de la R\u00e9gion de Bruxelles-Capitale, sa richesse culturelle, son dynamisme, son histoire et son statut de capitale de l\u2019Union europ\u00e9enne de Bruxelles qui la rend incontournable et qui attire de nombreuses entre&nbsp;prises internationales et touristes venant du monde entier;<\/p>\n<p style=\"text-align: left; orphans: 2; widows: 2; text-decoration-style: initial; text-decoration-color: initial;\" align=\"center\">h) Consid\u00e9rant que la tenue d\u2019un Sommet de la Francophonie \u00e0 Bruxelles serait en pleine coh\u00e9rence avec le statut de Bruxelles comme capitale francophone, europ\u00e9enne et internationale;<\/p>\n<p style=\"text-align: left; orphans: 2; widows: 2; text-decoration-style: initial; text-decoration-color: initial;\" align=\"center\">i) Consid\u00e9rant qu\u2019au-del\u00e0 de la visibilit\u00e9 significative de Bruxelles en tant que ville francophone, l\u2019organisation d\u2019un Sommet de la Francophonie entra\u00eenera les retomb\u00e9es \u00e9conomiques substantielles tant directes qu\u2019indirectes, notamment en termes d\u2019emploi et de tourisme pour la R\u00e9gion de Bruxelles-Capitale;<\/p>\n<p style=\"text-align: left; orphans: 2; widows: 2; text-decoration-style: initial; text-decoration-color: initial;\" align=\"center\">j) Consid\u00e9rant qu\u2019il s\u2019agit d\u2019une occasion unique de promouvoir l\u2019\u00e9conomie et le savoir-faire des entreprises bruxelloises, eu \u00e9gard \u00e0 la couverture m\u00e9diatique g\u00e9n\u00e9r\u00e9e par l\u2019organisation d\u2019un tel \u00e9v\u00e9nement international;<\/p>\n<p style=\"text-align: left; orphans: 2; widows: 2; text-decoration-style: initial; text-decoration-color: initial;\" align=\"center\">k) Consid\u00e9rant que le dossier de candidature devrait \u00eatre officiellement d\u00e9pos\u00e9 lors du prochain sommet francophone;<\/p>\n<p style=\"text-align: left; orphans: 2; widows: 2; text-decoration-style: initial; text-decoration-color: initial;\" align=\"center\">Invite le Coll\u00e8ge \u00e0 prendre les contacts n\u00e9cessaires avec la f\u00e9d\u00e9ration Wallonie-Bruxelles, afin :<br \/>\n\u2013 de soutenir la candidature de la R\u00e9gion Bruxelles-Capitale en vue d\u2019accueillir une prochaine conf\u00e9rence des chefs d\u2019Etat et de gouvernement des pays ayant le fran\u00e7ais en partage;<br \/>\n\u2013 d\u2019entamer les concertations n\u00e9cessaires avec l\u2019Etat f\u00e9d\u00e9ral afin d\u2019envisager l\u2019organisation conjointe d\u2019un Sommet de la Francophonie par la F\u00e9d\u00e9ration Wallonie-Bruxelles et l\u2019Etat f\u00e9d\u00e9ral;&nbsp;<br \/>\n\u2013 d\u2019actionner le travail diplomatique n\u00e9cessaire \u00e0 l\u2019organisation d\u2019un tel \u00e9v\u00e9nement et de prendre les contacts et les d\u00e9cisions indispensables dans le cadre de cette candidature.<\/p>\n<p style=\"orphans: 2; widows: 2; text-decoration-style: initial; text-decoration-color: initial; text-align: center;\" align=\"center\"><strong>Ga\u00ebtan VAN GOIDSENHOVEN <\/strong><\/p>\n<p style=\"orphans: 2; widows: 2; text-decoration-style: initial; text-decoration-color: initial; text-align: center;\" align=\"center\"><strong>Fran\u00e7oise BERTIEAUX<\/strong><\/p>\n<p style=\"text-align: center; font-variant-ligatures: normal; font-variant-caps: normal; orphans: 2; widows: 2; -webkit-text-stroke-width: 0px; text-decoration-style: initial; text-decoration-color: initial; word-spacing: 0px;\" align=\"center\">&nbsp;<\/p>\n<p style=\"text-align: left;\">&nbsp;<\/p>\n<p>&nbsp;<\/p>\n<p>Pour retrouver la proposition dans son int\u00e9gralit\u00e9, cliquez <a href=\"http:\/\/www.pfb.irisnet.be\/documents\/proposition-026748-du-2015-06-17-a-15-12-03\/document\">ici<\/a>.&nbsp;23 (2014-2015) n\u00b0 1, juin 2015, 8p.<br \/>\nPour conna\u00eetre les d\u00e9bats en s\u00e9ance pl\u00e9ni\u00e8re sur cette proposition, veuillez cliquer <a href=\"http:\/\/www.pfb.irisnet.be\/documents\/compte-rendu-de-la-seance-pleniere-du-3-juin-2016\/document\">ici<\/a>. pp. 4-9<\/p>\n<p>&nbsp;<\/p>\n","protected":false},"excerpt":{"rendered":"<p>PROPOSITION DE R\u00c9SOLUTION VISANT A SOUTENIR LA CANDIDATURE DE LA R\u00c9GION BRUXELLOISE POUR [&hellip;]<\/p>\n","protected":false},"author":2,"featured_media":0,"comment_status":"closed","ping_status":"open","sticky":false,"template":"","format":"standard","meta":{"ngg_post_thumbnail":0,"footnotes":""},"categories":[36],"tags":[],"class_list":["post-718","post","type-post","status-publish","format-standard","hentry","category-propositions-de-loi"],"aioseo_notices":[],"_links":{"self":[{"href":"https:\/\/gaetanvangoidsenhoven.be\/index.php\/wp-json\/wp\/v2\/posts\/718","targetHints":{"allow":["GET"]}}],"collection":[{"href":"https:\/\/gaetanvangoidsenhoven.be\/index.php\/wp-json\/wp\/v2\/posts"}],"about":[{"href":"https:\/\/gaetanvangoidsenhoven.be\/index.php\/wp-json\/wp\/v2\/types\/post"}],"author":[{"embeddable":true,"href":"https:\/\/gaetanvangoidsenhoven.be\/index.php\/wp-json\/wp\/v2\/users\/2"}],"replies":[{"embeddable":true,"href":"https:\/\/gaetanvangoidsenhoven.be\/index.php\/wp-json\/wp\/v2\/comments?post=718"}],"version-history":[{"count":2,"href":"https:\/\/gaetanvangoidsenhoven.be\/index.php\/wp-json\/wp\/v2\/posts\/718\/revisions"}],"predecessor-version":[{"id":720,"href":"https:\/\/gaetanvangoidsenhoven.be\/index.php\/wp-json\/wp\/v2\/posts\/718\/revisions\/720"}],"wp:attachment":[{"href":"https:\/\/gaetanvangoidsenhoven.be\/index.php\/wp-json\/wp\/v2\/media?parent=718"}],"wp:term":[{"taxonomy":"category","embeddable":true,"href":"https:\/\/gaetanvangoidsenhoven.be\/index.php\/wp-json\/wp\/v2\/categories?post=718"},{"taxonomy":"post_tag","embeddable":true,"href":"https:\/\/gaetanvangoidsenhoven.be\/index.php\/wp-json\/wp\/v2\/tags?post=718"}],"curies":[{"name":"wp","href":"https:\/\/api.w.org\/{rel}","templated":true}]}}