{"id":762,"date":"2014-09-19T14:40:34","date_gmt":"2014-09-19T13:40:34","guid":{"rendered":"http:\/\/gaetanvangoidsenhoven.be\/?p=762"},"modified":"2017-06-29T12:57:13","modified_gmt":"2017-06-29T11:57:13","slug":"la-promotion-de-la-commission-communautaire-francaise-sur-la-scene-internationale","status":"publish","type":"post","link":"https:\/\/gaetanvangoidsenhoven.be\/index.php\/2014\/09\/19\/la-promotion-de-la-commission-communautaire-francaise-sur-la-scene-internationale\/","title":{"rendered":"La promotion de la Commission communautaire fran\u00e7aise sur la sc\u00e8ne internationale."},"content":{"rendered":"<p><strong>Question \u00e9crite de Monsieur Ga\u00ebtan VAN GOIDSENHOVEN, D\u00e9put\u00e9, adress\u00e9e \u00e0 Madame C\u00e9line FREMAULT, Ministre du Coll\u00e8ge de la Commission communautaire fran\u00e7aise, en charge de l&rsquo;Aide aux personnes handicap\u00e9es, de l&rsquo;Action sociale, de la Famille et des Relations internationales<\/strong><\/p>\n<p>concernant <strong>la promotion de la COCOF sur la sc\u00e8ne internationale.<\/strong><br \/>\nDans la d\u00e9claration de politique communautaire, le Coll\u00e8ge a indiqu\u00e9 qu&rsquo;il souhaite davantage promouvoir l&rsquo;image de la Commission communautaire fran\u00e7aise sur la sc\u00e8ne internationale.<\/p>\n<p>\u00c0 ce propos, je souhaiterais savoir si une premi\u00e8re campagne de promotion est d\u00e9j\u00e0 \u00e0 l&rsquo;ordre du jour ? Dans l&rsquo;affirmative, quels sont les outils utilis\u00e9s et le budget retenu pour cette action de promotion ?<\/p>\n<p><strong>R\u00e9ponse :<\/strong><\/p>\n<p>En tant que nouvelle ministre des Relations internationales de la Commission communautaires fran- \u00e7aise, j&rsquo;ai effectivement la volont\u00e9 de traduire dans les faits cette volont\u00e9 du Coll\u00e8ge qui est de promouvoir davantage la Commission communautaire fran\u00e7aise sur la sc\u00e8ne internationale. \u00c0 ce niveau, plusieurs initiatives sont d\u00e9j\u00e0 \u00e0 l&rsquo;ordre du jour.<\/p>\n<p>Tout d&rsquo;abord, d\u00e8s cette ann\u00e9e, nous allons proc\u00e9der \u00e0 la r\u00e9impression de la brochure intitul\u00e9e \u00ab La Commission communautaire fran\u00e7aise, un outil au service des citoyens \u00bb, destin\u00e9e \u00e0 faire conna\u00eetre cette institution \u00e0 l&rsquo;\u00e9tranger, et notamment via des d\u00e9l\u00e9gations de Wallonie-Bruxelles International. Le co\u00fbt de cette r\u00e9\u00e9dition sera de 15.000 \u20ac.<\/p>\n<p>Par ailleurs, diff\u00e9rentes mesures seront prises afin de valoriser et de davantage mettre en \u00e9vidence la Commission communautaire fran\u00e7aise au sein de Wallonie-Bruxelles International et de la d\u00e9l\u00e9gation g\u00e9n\u00e9rale Wallonie-Bruxelles seront prochainement prises, notamment en ce qui concerne la visibilit\u00e9 sur internet et lors des actions publiques de promotion. Le but sera de faire appara\u00eetre la Commission communautaire fran\u00e7aise comme le r\u00e9el troisi\u00e8me partenaire de Wallonie-Bruxelles International, \u00e0 \u00e9galit\u00e9 avec la F\u00e9d\u00e9ration Wallonie-Bruxelles et la R\u00e9gion wallonne.<\/p>\n<p>Nous travaillons \u00e9galement, en collaboration avec l&rsquo;administration, \u00e0 la mise sur pied d&rsquo;un \u00e9v\u00e9nement \u00e0 Paris \u00e0 l&rsquo;horizon de l&rsquo;automne 2015, avec la d\u00e9l\u00e9gation g\u00e9n\u00e9rale Wallonie-Bruxelles et le Centre Wallonie-Bruxelles.<\/p>\n<p><em>Pour retrouver le texte dans son int\u00e9gralit\u00e9, cliquez <a href=\"http:\/\/www.pfb.irisnet.be\/documents\/bulletin-des-travaux-du-1er-decembre-2014\/document\">ici<\/a>.<\/em><br \/>\n<em> BQR n\u00b01 (2014-2015), p. 59<\/em><\/p>\n","protected":false},"excerpt":{"rendered":"<p>Question \u00e9crite de Monsieur Ga\u00ebtan VAN GOIDSENHOVEN, D\u00e9put\u00e9, adress\u00e9e \u00e0 Madame C\u00e9line FREMAULT, [&hellip;]<\/p>\n","protected":false},"author":2,"featured_media":0,"comment_status":"closed","ping_status":"open","sticky":false,"template":"","format":"standard","meta":{"ngg_post_thumbnail":0,"footnotes":""},"categories":[33],"tags":[],"class_list":["post-762","post","type-post","status-publish","format-standard","hentry","category-questions-ecrites"],"aioseo_notices":[],"_links":{"self":[{"href":"https:\/\/gaetanvangoidsenhoven.be\/index.php\/wp-json\/wp\/v2\/posts\/762","targetHints":{"allow":["GET"]}}],"collection":[{"href":"https:\/\/gaetanvangoidsenhoven.be\/index.php\/wp-json\/wp\/v2\/posts"}],"about":[{"href":"https:\/\/gaetanvangoidsenhoven.be\/index.php\/wp-json\/wp\/v2\/types\/post"}],"author":[{"embeddable":true,"href":"https:\/\/gaetanvangoidsenhoven.be\/index.php\/wp-json\/wp\/v2\/users\/2"}],"replies":[{"embeddable":true,"href":"https:\/\/gaetanvangoidsenhoven.be\/index.php\/wp-json\/wp\/v2\/comments?post=762"}],"version-history":[{"count":1,"href":"https:\/\/gaetanvangoidsenhoven.be\/index.php\/wp-json\/wp\/v2\/posts\/762\/revisions"}],"predecessor-version":[{"id":763,"href":"https:\/\/gaetanvangoidsenhoven.be\/index.php\/wp-json\/wp\/v2\/posts\/762\/revisions\/763"}],"wp:attachment":[{"href":"https:\/\/gaetanvangoidsenhoven.be\/index.php\/wp-json\/wp\/v2\/media?parent=762"}],"wp:term":[{"taxonomy":"category","embeddable":true,"href":"https:\/\/gaetanvangoidsenhoven.be\/index.php\/wp-json\/wp\/v2\/categories?post=762"},{"taxonomy":"post_tag","embeddable":true,"href":"https:\/\/gaetanvangoidsenhoven.be\/index.php\/wp-json\/wp\/v2\/tags?post=762"}],"curies":[{"name":"wp","href":"https:\/\/api.w.org\/{rel}","templated":true}]}}