{"id":764,"date":"2014-09-19T15:11:39","date_gmt":"2014-09-19T14:11:39","guid":{"rendered":"http:\/\/gaetanvangoidsenhoven.be\/?p=764"},"modified":"2017-06-29T12:57:47","modified_gmt":"2017-06-29T11:57:47","slug":"la-mise-en-place-dune-task-force-chargee-de-coordonner-la-strategie-culturelle-sur-le-territoire-regional","status":"publish","type":"post","link":"https:\/\/gaetanvangoidsenhoven.be\/index.php\/2014\/09\/19\/la-mise-en-place-dune-task-force-chargee-de-coordonner-la-strategie-culturelle-sur-le-territoire-regional\/","title":{"rendered":"La mise en place d&rsquo;une \u00ab\u00a0task-force\u00a0\u00bb charg\u00e9e de coordonner la strat\u00e9gie culturelle sur le territoire r\u00e9gional"},"content":{"rendered":"<p><strong>Question \u00e9crite de Monsieur Ga\u00ebtan VAN GOIDSENHOVEN, D\u00e9put\u00e9, adress\u00e9e \u00e0 Madame Fadila LAANAN, Ministre-Pr\u00e9sidente du Coll\u00e8ge de la Commission communautaire fran\u00e7aise, en charge du Budget, de l&rsquo;Enseignement, du Transport scolaire, de l&rsquo;Accueil de l&rsquo;enfance, du Sport et de la Culture<\/strong><\/p>\n<p>Concernant <strong>la mise en place d&rsquo;une \u00ab\u00a0task-force\u00a0\u00bb charg\u00e9e de coordonner la strat\u00e9gie culturelle sur le territoire r\u00e9gional.<\/strong><\/p>\n<p>La D\u00e9claration de politique communautaire t\u00e9moigne de la volont\u00e9 du Coll\u00e8ge de mener une politique culturelle ambitieuse. Pour \u00e9laborer un v\u00e9ritable projet culturel bruxellois, il a \u00e9t\u00e9 annonc\u00e9 la mise en place d&rsquo;une \u00ab task-force \u00bb charg\u00e9e de structurer et de coordonner la politique culturelle en R\u00e9gion bruxelloise.<\/p>\n<p>\u00c0 ce propos, je souhaiterais obtenir des r\u00e9ponses aux questions suivantes :<br \/>\n\u2013 Cette \u00ab task-force \u00bb est-elle d\u00e9j\u00e0 lanc\u00e9e ?<br \/>\n\u2013 Dans l&rsquo;affirmative, quelle est sa composition ?<br \/>\n\u2013 Une concertation avec la VGC est-elle \u00e0 l&rsquo;ordre du jour ?<\/p>\n<p><strong>R\u00e9ponse :&nbsp;<\/strong><\/p>\n<p>La task-force n&rsquo;a pas encore \u00e9t\u00e9 lanc\u00e9e. Je compte initier, dans les prochaines semaines, des concertations avec l&rsquo;ensemble des acteurs institutionnels de la Culture \u00e0 Bruxelles afin d&rsquo;identifier les modalit\u00e9s \u00e0 mettre en \u0153uvre pour coordonner les actions qu&rsquo;ils m\u00e8nent \u00e0 Bruxelles. Je ferai ce travail en \u00e9troite collaboration avec le Ministre-Pr\u00e9sident de la R\u00e9gion de Bruxelles-Capitale, M. Rudi Vervoort.<\/p>\n<p>La concertation en vue de la task-force sera d\u00e8s lors entam\u00e9e au d\u00e9but 2015.<\/p>\n<p>&nbsp;<\/p>\n<p><em>Pour retrouver le texte dans son int\u00e9gralit\u00e9, cliquez <a href=\"http:\/\/www.pfb.irisnet.be\/documents\/bulletin-des-travaux-du-1er-decembre-2014\/document\">ici<\/a>.<\/em><br \/>\n<em> BQR n\u00b01 (2014-2015), p. 9<\/em><\/p>\n<p>&nbsp;<\/p>\n","protected":false},"excerpt":{"rendered":"<p>Question \u00e9crite de Monsieur Ga\u00ebtan VAN GOIDSENHOVEN, D\u00e9put\u00e9, adress\u00e9e \u00e0 Madame Fadila LAANAN, [&hellip;]<\/p>\n","protected":false},"author":2,"featured_media":0,"comment_status":"closed","ping_status":"open","sticky":false,"template":"","format":"standard","meta":{"ngg_post_thumbnail":0,"footnotes":""},"categories":[33],"tags":[],"class_list":["post-764","post","type-post","status-publish","format-standard","hentry","category-questions-ecrites"],"aioseo_notices":[],"_links":{"self":[{"href":"https:\/\/gaetanvangoidsenhoven.be\/index.php\/wp-json\/wp\/v2\/posts\/764","targetHints":{"allow":["GET"]}}],"collection":[{"href":"https:\/\/gaetanvangoidsenhoven.be\/index.php\/wp-json\/wp\/v2\/posts"}],"about":[{"href":"https:\/\/gaetanvangoidsenhoven.be\/index.php\/wp-json\/wp\/v2\/types\/post"}],"author":[{"embeddable":true,"href":"https:\/\/gaetanvangoidsenhoven.be\/index.php\/wp-json\/wp\/v2\/users\/2"}],"replies":[{"embeddable":true,"href":"https:\/\/gaetanvangoidsenhoven.be\/index.php\/wp-json\/wp\/v2\/comments?post=764"}],"version-history":[{"count":1,"href":"https:\/\/gaetanvangoidsenhoven.be\/index.php\/wp-json\/wp\/v2\/posts\/764\/revisions"}],"predecessor-version":[{"id":765,"href":"https:\/\/gaetanvangoidsenhoven.be\/index.php\/wp-json\/wp\/v2\/posts\/764\/revisions\/765"}],"wp:attachment":[{"href":"https:\/\/gaetanvangoidsenhoven.be\/index.php\/wp-json\/wp\/v2\/media?parent=764"}],"wp:term":[{"taxonomy":"category","embeddable":true,"href":"https:\/\/gaetanvangoidsenhoven.be\/index.php\/wp-json\/wp\/v2\/categories?post=764"},{"taxonomy":"post_tag","embeddable":true,"href":"https:\/\/gaetanvangoidsenhoven.be\/index.php\/wp-json\/wp\/v2\/tags?post=764"}],"curies":[{"name":"wp","href":"https:\/\/api.w.org\/{rel}","templated":true}]}}