{"id":766,"date":"2014-09-19T15:21:21","date_gmt":"2014-09-19T14:21:21","guid":{"rendered":"http:\/\/gaetanvangoidsenhoven.be\/?p=766"},"modified":"2017-06-29T13:13:53","modified_gmt":"2017-06-29T12:13:53","slug":"la-creation-dun-guichet-unique-pour-les-formations-professionnelles","status":"publish","type":"post","link":"https:\/\/gaetanvangoidsenhoven.be\/index.php\/2014\/09\/19\/la-creation-dun-guichet-unique-pour-les-formations-professionnelles\/","title":{"rendered":"La cr\u00e9ation d&rsquo;un guichet unique pour les formations professionnelles"},"content":{"rendered":"<p><strong>Question \u00e9crite de Monsieur Ga\u00ebtan VAN GOIDSENHOVEN, D\u00e9put\u00e9, adress\u00e9e \u00e0 Monsieur Didier GOSUIN, Ministre du Coll\u00e8ge de la Commission communautaire fran\u00e7aise, en charge&nbsp;de la Formation professionnelle<\/strong><\/p>\n<p>concernant <strong>la cr\u00e9ation d&rsquo;un guichet unique pour les formations professionnelles.<\/strong><\/p>\n<p>Dans la d\u00e9claration de politique communautaire, le Coll\u00e8ge s&rsquo;est donn\u00e9 pour mission d&rsquo;appuyer la cr\u00e9ation d&rsquo;un guichet unique charg\u00e9 de fournir aux demandeurs d&#8217;emploi une information et une orientation sur les m\u00e9tiers, \u00e9tudes et formations disponibles. \u00c0 ce propos, je souhaiterais savoir si les travaux pr\u00e9paratoires relatifs \u00e0 ce projet ont d\u00e9j\u00e0 \u00e9t\u00e9 entam\u00e9s ? Disposez-vous d&rsquo;un calendrier pr\u00e9cis pour le d\u00e9veloppement de ce projet ?<\/p>\n<p><strong>R\u00e9ponse :&nbsp;<\/strong><\/p>\n<p>Le guichet unique prendra la forme d&rsquo;une cit\u00e9 des m\u00e9tiers regroupant en son sein un large partenariat (Bruxelles Formation, Actiris, SFPME\/EFP, promotion sociale, cefa, PMS, secteurs professionnels\u2026).<\/p>\n<p>Ce lieu sera le point central d&rsquo;information et de conseils sur toutes les th\u00e9matiques en rapport avec la vie professionnelle (formation, recherche d&#8217;emploi, de stages, de reprises d&rsquo;\u00e9tudes \u2026) ouvert \u00e0 tout citoyen.<\/p>\n<p>La cit\u00e9 des m\u00e9tiers sera h\u00e9berg\u00e9e sur une surface de 1.300 m\u00b2 au rez-de-chauss\u00e9e du futur si\u00e8ge d&rsquo;Actiris (b\u00e2timent Astro).<\/p>\n<p>Le label cit\u00e9 des m\u00e9tiers est prot\u00e9g\u00e9. L&rsquo;ann\u00e9e 2015 sera consacr\u00e9e au d\u00e9p\u00f4t d&rsquo;un dossier de labellisation afin de pouvoir ouvrir en 2016 lorsque le b\u00e2timent Astro sera am\u00e9nag\u00e9.<\/p>\n<p>Pour rappel, il ne s&rsquo;agit pas de la cr\u00e9ation d&rsquo;un nouveau service d&rsquo;information-orientation mais bien d&rsquo;un d\u00e9veloppement de ce qui existe aujourd&rsquo;hui d\u00e9j\u00e0 au sein de Bruxelles formation Carrefour, d\u00e9veloppement sous un nouveau concept et avec un partenariat renforc\u00e9 avec tous les op\u00e9rateurs d&#8217;emploi et de formation bruxellois.<\/p>\n<p>&nbsp;<\/p>\n<p><em>Pour retrouver le texte dans son int\u00e9gralit\u00e9, cliquez <a href=\"http:\/\/www.pfb.irisnet.be\/documents\/bulletin-des-travaux-du-1er-decembre-2014\/document\">ici<\/a>.<\/em><br \/>\n<em> BQR n\u00b01 (2014-2015), p. 54<\/em><\/p>\n","protected":false},"excerpt":{"rendered":"<p>Question \u00e9crite de Monsieur Ga\u00ebtan VAN GOIDSENHOVEN, D\u00e9put\u00e9, adress\u00e9e \u00e0 Monsieur Didier GOSUIN, [&hellip;]<\/p>\n","protected":false},"author":2,"featured_media":0,"comment_status":"closed","ping_status":"open","sticky":false,"template":"","format":"standard","meta":{"ngg_post_thumbnail":0,"footnotes":""},"categories":[33],"tags":[],"class_list":["post-766","post","type-post","status-publish","format-standard","hentry","category-questions-ecrites"],"aioseo_notices":[],"_links":{"self":[{"href":"https:\/\/gaetanvangoidsenhoven.be\/index.php\/wp-json\/wp\/v2\/posts\/766","targetHints":{"allow":["GET"]}}],"collection":[{"href":"https:\/\/gaetanvangoidsenhoven.be\/index.php\/wp-json\/wp\/v2\/posts"}],"about":[{"href":"https:\/\/gaetanvangoidsenhoven.be\/index.php\/wp-json\/wp\/v2\/types\/post"}],"author":[{"embeddable":true,"href":"https:\/\/gaetanvangoidsenhoven.be\/index.php\/wp-json\/wp\/v2\/users\/2"}],"replies":[{"embeddable":true,"href":"https:\/\/gaetanvangoidsenhoven.be\/index.php\/wp-json\/wp\/v2\/comments?post=766"}],"version-history":[{"count":1,"href":"https:\/\/gaetanvangoidsenhoven.be\/index.php\/wp-json\/wp\/v2\/posts\/766\/revisions"}],"predecessor-version":[{"id":767,"href":"https:\/\/gaetanvangoidsenhoven.be\/index.php\/wp-json\/wp\/v2\/posts\/766\/revisions\/767"}],"wp:attachment":[{"href":"https:\/\/gaetanvangoidsenhoven.be\/index.php\/wp-json\/wp\/v2\/media?parent=766"}],"wp:term":[{"taxonomy":"category","embeddable":true,"href":"https:\/\/gaetanvangoidsenhoven.be\/index.php\/wp-json\/wp\/v2\/categories?post=766"},{"taxonomy":"post_tag","embeddable":true,"href":"https:\/\/gaetanvangoidsenhoven.be\/index.php\/wp-json\/wp\/v2\/tags?post=766"}],"curies":[{"name":"wp","href":"https:\/\/api.w.org\/{rel}","templated":true}]}}