{"id":770,"date":"2014-09-25T15:27:41","date_gmt":"2014-09-25T14:27:41","guid":{"rendered":"http:\/\/gaetanvangoidsenhoven.be\/?p=770"},"modified":"2017-06-29T13:01:07","modified_gmt":"2017-06-29T12:01:07","slug":"ladoption-dun-reglement-de-travail-au-sein-de-ladministration","status":"publish","type":"post","link":"https:\/\/gaetanvangoidsenhoven.be\/index.php\/2014\/09\/25\/ladoption-dun-reglement-de-travail-au-sein-de-ladministration\/","title":{"rendered":"L&rsquo;adoption d&rsquo;un r\u00e8glement de travail au sein de l&rsquo;administration"},"content":{"rendered":"<p><strong>Question \u00e9crite de Monsieur Ga\u00ebtan VAN GOIDSENHOVEN, D\u00e9put\u00e9, adress\u00e9e \u00e0 Madame C\u00e9cile JODOGNE, Ministre du Coll\u00e8ge de la Commission communautaire fran\u00e7aise, en charge de la Fonction publique et de la Sant\u00e9<\/strong><\/p>\n<p>concernant<strong> l&rsquo;adoption d&rsquo;un r\u00e8glement de travail au sein de l&rsquo;administration.<\/strong><\/p>\n<p>Afin de compl\u00e9ter mon information, je souhaiterais savoir o\u00f9 en sont concr\u00e8tement les travaux visant \u00e0 l&rsquo;adoption d&rsquo;un r\u00e8glement de travail au sein de l&rsquo;administration. Pourriez-vous compl\u00e9ter votre r\u00e9ponse en pr\u00e9cisant les \u00e9ventuels acquis d\u00e9j\u00e0 engrang\u00e9s ainsi que le calendrier escompt\u00e9 pour la r\u00e9alisation des objectifs du Coll\u00e8ge ?<\/p>\n<p><strong>R\u00e9ponse :&nbsp;<\/strong><\/p>\n<p>La proc\u00e9dure en vue de l&rsquo;adoption d&rsquo;un r\u00e8glement de travail a d\u00e9but\u00e9 \u00e0 la Commission communautaire fran\u00e7aise depuis de nombreuses ann\u00e9es. Le projet actuellement discut\u00e9 est sur la table depuis 2005.<\/p>\n<p>La discussion est entr\u00e9e cette ann\u00e9e dans une phase d\u00e9cisive. Le Comit\u00e9 Sup\u00e9rieur de Concertation s&rsquo;est en effet r\u00e9uni le 23 janvier 2014 et a prononc\u00e9 la cl\u00f4ture de la concertation, dont le proc\u00e8s verbal constatait l&rsquo;absence d&rsquo;avis unanime motiv\u00e9 sur le projet et d\u00e9taillait les points de d\u00e9saccord.<\/p>\n<p>Le pr\u00e9sident du Comit\u00e9 Sup\u00e9rieur de Concertation devait d\u00e8s lors porter le dossier \u00e0 la connaissance du Contr\u00f4le des lois sociales. Ceci a \u00e9t\u00e9 fait par la Ministre de la Fonction Publique de l&rsquo;\u00e9poque par courrier dat\u00e9 du 3 juin 2014, soit apr\u00e8s que le proc\u00e8s-verbal soit devenu d\u00e9finitif et une fois la n\u00e9gociation de l&rsquo;accord sectoriel termin\u00e9e. C&rsquo;est la proc\u00e9dure normale, qui pr\u00e9voit que le contr\u00f4le des lois sociales doit maintenant tenter de concilier les parties.<\/p>\n<p>La premi\u00e8re r\u00e9union technique a eu lieu au SPF Emploi et Formation le 21 octobre 2014 avec le directeur d&rsquo;administration des Ressources Humaines. La conciliation d\u00e9butera en novembre avec toutes les parties.<\/p>\n<p>S&rsquo;il reste des points de d\u00e9saccord apr\u00e8s la conciliation, ils seront soumis \u00e0 la proc\u00e9dure de n\u00e9gociation, le r\u00e8glement de travail devant ensuite \u00eatre fix\u00e9 par le Coll\u00e8ge.<\/p>\n<p>Il est \u00e0 noter que la premi\u00e8re rencontre de la d\u00e9l\u00e9gation patronale avec les organisations syndicales a d\u00e9j\u00e0 balis\u00e9 les modalit\u00e9s d&rsquo;accord des parties sur la base d&rsquo;une harmonisation des prestations des agents, ce qui est de bon augure pour la suite de la conciliation.<\/p>\n<p>&nbsp;<\/p>\n<p><em>Pour retrouver le texte dans son int\u00e9gralit\u00e9, cliquez <a href=\"http:\/\/www.pfb.irisnet.be\/documents\/bulletin-des-travaux-du-1er-decembre-2014\/document\">ici<\/a>.<\/em><br \/>\n<em> BQR n\u00b01 (2014-2015), pp. 51-52<\/em><\/p>\n","protected":false},"excerpt":{"rendered":"<p>Question \u00e9crite de Monsieur Ga\u00ebtan VAN GOIDSENHOVEN, D\u00e9put\u00e9, adress\u00e9e \u00e0 Madame C\u00e9cile JODOGNE, [&hellip;]<\/p>\n","protected":false},"author":2,"featured_media":0,"comment_status":"closed","ping_status":"open","sticky":false,"template":"","format":"standard","meta":{"ngg_post_thumbnail":0,"footnotes":""},"categories":[33],"tags":[],"class_list":["post-770","post","type-post","status-publish","format-standard","hentry","category-questions-ecrites"],"aioseo_notices":[],"_links":{"self":[{"href":"https:\/\/gaetanvangoidsenhoven.be\/index.php\/wp-json\/wp\/v2\/posts\/770","targetHints":{"allow":["GET"]}}],"collection":[{"href":"https:\/\/gaetanvangoidsenhoven.be\/index.php\/wp-json\/wp\/v2\/posts"}],"about":[{"href":"https:\/\/gaetanvangoidsenhoven.be\/index.php\/wp-json\/wp\/v2\/types\/post"}],"author":[{"embeddable":true,"href":"https:\/\/gaetanvangoidsenhoven.be\/index.php\/wp-json\/wp\/v2\/users\/2"}],"replies":[{"embeddable":true,"href":"https:\/\/gaetanvangoidsenhoven.be\/index.php\/wp-json\/wp\/v2\/comments?post=770"}],"version-history":[{"count":1,"href":"https:\/\/gaetanvangoidsenhoven.be\/index.php\/wp-json\/wp\/v2\/posts\/770\/revisions"}],"predecessor-version":[{"id":771,"href":"https:\/\/gaetanvangoidsenhoven.be\/index.php\/wp-json\/wp\/v2\/posts\/770\/revisions\/771"}],"wp:attachment":[{"href":"https:\/\/gaetanvangoidsenhoven.be\/index.php\/wp-json\/wp\/v2\/media?parent=770"}],"wp:term":[{"taxonomy":"category","embeddable":true,"href":"https:\/\/gaetanvangoidsenhoven.be\/index.php\/wp-json\/wp\/v2\/categories?post=770"},{"taxonomy":"post_tag","embeddable":true,"href":"https:\/\/gaetanvangoidsenhoven.be\/index.php\/wp-json\/wp\/v2\/tags?post=770"}],"curies":[{"name":"wp","href":"https:\/\/api.w.org\/{rel}","templated":true}]}}