{"id":777,"date":"2014-09-25T15:44:46","date_gmt":"2014-09-25T14:44:46","guid":{"rendered":"http:\/\/gaetanvangoidsenhoven.be\/?p=777"},"modified":"2017-06-29T13:07:11","modified_gmt":"2017-06-29T12:07:11","slug":"la-composition-et-lorganisation-du-cabinet-du-ministre-gosuin","status":"publish","type":"post","link":"https:\/\/gaetanvangoidsenhoven.be\/index.php\/2014\/09\/25\/la-composition-et-lorganisation-du-cabinet-du-ministre-gosuin\/","title":{"rendered":"La composition et l&rsquo;organisation du cabinet du ministre Gosuin"},"content":{"rendered":"<p><strong>Question \u00e9crite de Monsieur Ga\u00ebtan VAN GOIDSENHOVEN, D\u00e9put\u00e9, adress\u00e9e \u00e0 Monsieur Didier GOSUIN, Ministre du Coll\u00e8ge de la Commission communautaire fran\u00e7aise, en charge de la Formation professionnelle<\/strong><\/p>\n<p>concernant <strong>la composition et l&rsquo;organisation du cabinet du ministre.<\/strong><\/p>\n<p>Afin de compl\u00e9ter mon information sur la composition et l&rsquo;organisation de votre cabinet, je souhaiterais obtenir des r\u00e9ponses aux questions suivantes :<br \/>\n\u2013 Quel est le nombre de personnes qui sont employ\u00e9es au sein de votre cabinet minist\u00e9riel ?<br \/>\n\u2013 Quel est le nombre de personnes qui sont d\u00e9tach\u00e9es de l&rsquo;administration et quels sont leurs services publics d&rsquo;origine ?<br \/>\n\u2013 Quelle est la proportion de femmes et d&rsquo;hommes au sein de votre \u00e9quipe ?<br \/>\n\u2013 Votre cabinet compte-t-il \u00e9ventuellement des personnes handicap\u00e9es ? Le cas \u00e9ch\u00e9ant, quel est leur nombre ?<br \/>\n\u2013 Votre \u00e9quipe est-elle \u00e9ventuellement compos\u00e9e de mandataires communaux ? Le cas \u00e9ch\u00e9ant, combien sont-ils et quelles sont les communes y aff\u00e9rentes ?<br \/>\n\u2013 Combien de v\u00e9hicules sont-ils utilis\u00e9s par votre cabinet et quelles sont leurs \u00e9missions respectives de CO2 ?<br \/>\n\u2013 Sur le nombre total d&rsquo;ordinateurs utilis\u00e9s par votre \u00e9quipe, quelle est la proportion des postes dot\u00e9s de logiciels libres ?<\/p>\n<p><strong>R\u00e9ponse :<\/strong><\/p>\n<p>Au 27 octobre, le cabinet se composait de 2 membres en charge des dossiers concernant la Commission communautaire fran\u00e7aise.<\/p>\n<p>En ce qui concerne les points de votre question relatifs au personnel d\u00e9tach\u00e9 de l&rsquo;administration et les personnes handicap\u00e9es, je me permets de renvoyer l&rsquo;honorable membre \u00e0 la r\u00e9ponse \u00e0 la question \u00e9crite n\u00b0 19 (Parlement de la R\u00e9gion de BruxellesCapitale) de Madame d&rsquo;Ursel, la situation n&rsquo;ayant pas \u00e9volu\u00e9 depuis ce moment.<\/p>\n<p>Mon \u00e9quipe est compos\u00e9e de 4 mandataires communaux, 1 de Molenbeek et 3 d&rsquo;Auderghem \u00e0 mi-temps. Le charroi de mon cabinet est compos\u00e9 de 3 v\u00e9hicules, repris \u00e0 mon pr\u00e9d\u00e9cesseur :<\/p>\n<p>\u2013 Toyota Prius, 71.120 km, Hybride, Ecoscore de 62;<br \/>\n\u2013 Citro\u00ebn C3, 10.742 km, Essence, Ecoscore de 74;<br \/>\n\u2013 Skoda Octavia, 55.784 km, Diesel, Ecoscore de 61.<\/p>\n<p>Tous les ordinateurs utilis\u00e9s actuellement dans mon cabinet sont \u00e9quip\u00e9s de logiciels libres.<\/p>\n<p>&nbsp;<\/p>\n<p><em>Pour retrouver le texte dans son int\u00e9gralit\u00e9, cliquez <a href=\"http:\/\/www.pfb.irisnet.be\/documents\/bulletin-des-travaux-du-1er-decembre-2014\/document\">ici<\/a>.<\/em><br \/>\n<em> BQR n\u00b01 (2014-2015), p. 56<\/em><\/p>\n","protected":false},"excerpt":{"rendered":"<p>Question \u00e9crite de Monsieur Ga\u00ebtan VAN GOIDSENHOVEN, D\u00e9put\u00e9, adress\u00e9e \u00e0 Monsieur Didier GOSUIN, [&hellip;]<\/p>\n","protected":false},"author":2,"featured_media":0,"comment_status":"closed","ping_status":"open","sticky":false,"template":"","format":"standard","meta":{"ngg_post_thumbnail":0,"footnotes":""},"categories":[33],"tags":[],"class_list":["post-777","post","type-post","status-publish","format-standard","hentry","category-questions-ecrites"],"aioseo_notices":[],"_links":{"self":[{"href":"https:\/\/gaetanvangoidsenhoven.be\/index.php\/wp-json\/wp\/v2\/posts\/777","targetHints":{"allow":["GET"]}}],"collection":[{"href":"https:\/\/gaetanvangoidsenhoven.be\/index.php\/wp-json\/wp\/v2\/posts"}],"about":[{"href":"https:\/\/gaetanvangoidsenhoven.be\/index.php\/wp-json\/wp\/v2\/types\/post"}],"author":[{"embeddable":true,"href":"https:\/\/gaetanvangoidsenhoven.be\/index.php\/wp-json\/wp\/v2\/users\/2"}],"replies":[{"embeddable":true,"href":"https:\/\/gaetanvangoidsenhoven.be\/index.php\/wp-json\/wp\/v2\/comments?post=777"}],"version-history":[{"count":1,"href":"https:\/\/gaetanvangoidsenhoven.be\/index.php\/wp-json\/wp\/v2\/posts\/777\/revisions"}],"predecessor-version":[{"id":778,"href":"https:\/\/gaetanvangoidsenhoven.be\/index.php\/wp-json\/wp\/v2\/posts\/777\/revisions\/778"}],"wp:attachment":[{"href":"https:\/\/gaetanvangoidsenhoven.be\/index.php\/wp-json\/wp\/v2\/media?parent=777"}],"wp:term":[{"taxonomy":"category","embeddable":true,"href":"https:\/\/gaetanvangoidsenhoven.be\/index.php\/wp-json\/wp\/v2\/categories?post=777"},{"taxonomy":"post_tag","embeddable":true,"href":"https:\/\/gaetanvangoidsenhoven.be\/index.php\/wp-json\/wp\/v2\/tags?post=777"}],"curies":[{"name":"wp","href":"https:\/\/api.w.org\/{rel}","templated":true}]}}