{"id":779,"date":"2014-09-25T15:50:16","date_gmt":"2014-09-25T14:50:16","guid":{"rendered":"http:\/\/gaetanvangoidsenhoven.be\/?p=779"},"modified":"2017-06-29T13:06:51","modified_gmt":"2017-06-29T12:06:51","slug":"la-composition-et-la-composition-du-cabinet-de-la-ministre-fremault","status":"publish","type":"post","link":"https:\/\/gaetanvangoidsenhoven.be\/index.php\/2014\/09\/25\/la-composition-et-la-composition-du-cabinet-de-la-ministre-fremault\/","title":{"rendered":"La composition et la composition du cabinet de la ministre Fr\u00e9mault"},"content":{"rendered":"<p><strong>Question \u00e9crite de Monsieur Ga\u00ebtan VAN GOIDSENHOVEN, D\u00e9put\u00e9, adress\u00e9e \u00e0 Madame C\u00e9line FREMAULT, Ministre du Coll\u00e8ge de la Commission communautaire fran\u00e7aise, en charge de l&rsquo;Aide aux personnes handicap\u00e9es, de l&rsquo;Action sociale, de la Famille et des Relations internationales<\/strong><\/p>\n<p>concernant <strong>la composition et la composition du cabinet de la ministre.<\/strong><\/p>\n<p>Afin de compl\u00e9ter mon information sur la composition et l&rsquo;organisation de votre cabinet, je souhaiterais obtenir des r\u00e9ponses aux questions suivantes :<br \/>\n\u2013 Quel est le nombre de personnes qui sont employ\u00e9es au sein de votre cabinet minist\u00e9riel ?<br \/>\n\u2013 Quel est le nombre de personnes qui sont d\u00e9tach\u00e9es de l&rsquo;administration et quels sont leurs services publics d&rsquo;origine ?<br \/>\n\u2013 Quelle est la proportion de femmes et d&rsquo;hommes au sein de votre \u00e9quipe ?<br \/>\n\u2013 Votre cabinet compte-t-il \u00e9ventuellement des personnes handicap\u00e9es ? Le cas \u00e9ch\u00e9ant, quel est leur nombre ?<br \/>\n\u2013 Votre \u00e9quipe est-elle \u00e9ventuellement compos\u00e9e de mandataires communaux ? Le cas \u00e9ch\u00e9ant, combien sont-ils et quelles sont les communes y aff\u00e9rentes ?<br \/>\n\u2013 Combien de v\u00e9hicules sont-ils utilis\u00e9s par votre cabinet et quelles sont leurs \u00e9missions respectives de CO2 ?<br \/>\n\u2013 Sur le nombre total d&rsquo;ordinateurs utilis\u00e9s par votre \u00e9quipe, quelle est la proportion des postes dot\u00e9s de logiciels libres ?<\/p>\n<p><strong>R\u00e9ponse :<\/strong><\/p>\n<p>\u2013 Six personnes sont employ\u00e9es au sein de mon cabinet.<br \/>\n\u2013 Parmi elles, trois personnes sont d\u00e9tach\u00e9es de leur service public d&rsquo;origine :<br \/>\nUn d\u00e9tach\u00e9 de l&rsquo;AWIPH<br \/>\nUne d\u00e9tach\u00e9e \u00e0 temps partiel du SIAMU<br \/>\nUne d\u00e9tach\u00e9e du WBI<br \/>\n\u2013 Quatre femmes et deux hommes<br \/>\n\u2013 Mon cabinet ne compte pas de personnes handicap\u00e9es pour l&rsquo;instant<br \/>\n\u2013 Mon cabinet compte une mandataire communale de Bruxelles-Ville&nbsp;<br \/>\n\u2013 Aucun v\u00e9hicule n&rsquo;est utilis\u00e9 par mon cabinet<br \/>\n\u2013 100 % des ordinateurs utilis\u00e9s par mon cabinet sont dot\u00e9s de logiciels libres<\/p>\n<p><em>Pour retrouver le texte dans son int\u00e9gralit\u00e9, cliquez <a href=\"http:\/\/www.pfb.irisnet.be\/documents\/bulletin-des-travaux-du-1er-decembre-2014\/document\">ici<\/a>.<\/em><br \/>\n<em> BQR n\u00b01 (2014-2015), pp. 59-60<\/em><\/p>\n","protected":false},"excerpt":{"rendered":"<p>Question \u00e9crite de Monsieur Ga\u00ebtan VAN GOIDSENHOVEN, D\u00e9put\u00e9, adress\u00e9e \u00e0 Madame C\u00e9line FREMAULT, [&hellip;]<\/p>\n","protected":false},"author":2,"featured_media":0,"comment_status":"closed","ping_status":"open","sticky":false,"template":"","format":"standard","meta":{"ngg_post_thumbnail":0,"footnotes":""},"categories":[33],"tags":[],"class_list":["post-779","post","type-post","status-publish","format-standard","hentry","category-questions-ecrites"],"aioseo_notices":[],"_links":{"self":[{"href":"https:\/\/gaetanvangoidsenhoven.be\/index.php\/wp-json\/wp\/v2\/posts\/779","targetHints":{"allow":["GET"]}}],"collection":[{"href":"https:\/\/gaetanvangoidsenhoven.be\/index.php\/wp-json\/wp\/v2\/posts"}],"about":[{"href":"https:\/\/gaetanvangoidsenhoven.be\/index.php\/wp-json\/wp\/v2\/types\/post"}],"author":[{"embeddable":true,"href":"https:\/\/gaetanvangoidsenhoven.be\/index.php\/wp-json\/wp\/v2\/users\/2"}],"replies":[{"embeddable":true,"href":"https:\/\/gaetanvangoidsenhoven.be\/index.php\/wp-json\/wp\/v2\/comments?post=779"}],"version-history":[{"count":1,"href":"https:\/\/gaetanvangoidsenhoven.be\/index.php\/wp-json\/wp\/v2\/posts\/779\/revisions"}],"predecessor-version":[{"id":780,"href":"https:\/\/gaetanvangoidsenhoven.be\/index.php\/wp-json\/wp\/v2\/posts\/779\/revisions\/780"}],"wp:attachment":[{"href":"https:\/\/gaetanvangoidsenhoven.be\/index.php\/wp-json\/wp\/v2\/media?parent=779"}],"wp:term":[{"taxonomy":"category","embeddable":true,"href":"https:\/\/gaetanvangoidsenhoven.be\/index.php\/wp-json\/wp\/v2\/categories?post=779"},{"taxonomy":"post_tag","embeddable":true,"href":"https:\/\/gaetanvangoidsenhoven.be\/index.php\/wp-json\/wp\/v2\/tags?post=779"}],"curies":[{"name":"wp","href":"https:\/\/api.w.org\/{rel}","templated":true}]}}