{"id":785,"date":"2014-09-25T10:11:22","date_gmt":"2014-09-25T09:11:22","guid":{"rendered":"http:\/\/gaetanvangoidsenhoven.be\/?p=785"},"modified":"2017-06-29T13:08:52","modified_gmt":"2017-06-29T12:08:52","slug":"la-prevention-de-lalcoolisme-au-sein-de-ladministration","status":"publish","type":"post","link":"https:\/\/gaetanvangoidsenhoven.be\/index.php\/2014\/09\/25\/la-prevention-de-lalcoolisme-au-sein-de-ladministration\/","title":{"rendered":"La pr\u00e9vention de l&rsquo;alcoolisme au sein de l&rsquo;administration"},"content":{"rendered":"<p><strong>Question \u00e9crite de Monsieur Ga\u00ebtan VAN GOIDSENHOVEN, D\u00e9put\u00e9, adress\u00e9e \u00e0 Madame C\u00e9cile JODOGNE, Ministre du Coll\u00e8ge de la Commission communautaire fran\u00e7aise, en charge de la Fonction publique et de la Sant\u00e9<\/strong><\/p>\n<p>concernant<strong> la&nbsp;pr\u00e9vention de l&rsquo;alcoolisme au sein de l&rsquo;administration.<\/strong><\/p>\n<p>Afin de compl\u00e9ter mon information, je souhaiterais savoir s&rsquo;il existe un plan de pr\u00e9vention de l&rsquo;alcoolisme au sein de l&rsquo;administration de la Commission communautaire fran\u00e7aise. Le cas \u00e9ch\u00e9ant, pouvez-vous m&rsquo;en communiquer les grandes lignes ?<\/p>\n<p><strong>R\u00e9ponse :<\/strong><\/p>\n<p>Conform\u00e9ment \u00e0 l&rsquo;arr\u00eat\u00e9 du Coll\u00e8ge de la Commission communautaire fran\u00e7aise portant sur le statut des fonctionnaires des services du Coll\u00e8ge de la Commission communautaire fran\u00e7aise, un plan de pr\u00e9vention a bien \u00e9t\u00e9 mis en place au sein de l&rsquo;administration de la Commission communautaire fran\u00e7aise.<\/p>\n<p>Ce plan de pr\u00e9vention a pour objectif de d\u00e9velopper :<\/p>\n<p>\u2013 des r\u00e8gles claires sur l&rsquo;usage autoris\u00e9 ou non de l&rsquo;alcool sur le lieu de travail;<br \/>\n\u2013 une proc\u00e9dure de gestion des probl\u00e8mes d&rsquo;alcool lorsque ceux-ci entra\u00eenent des dysfonctionnements;<br \/>\n\u2013 un r\u00e9seau d&rsquo;aide et d&rsquo;assistance aux personnes ayant un probl\u00e8me d&rsquo;alcool.<\/p>\n<p>Cette proc\u00e9dure est assum\u00e9e par le Service Interne de Pr\u00e9vention et de Protection au travail (SIPP), compos\u00e9 de 4 conseillers en pr\u00e9vention-m\u00e9decins du travail.<\/p>\n<p>Pour ce faire, la Commission communautaire fran\u00e7aise a interdit \u00e0 l&rsquo;ensemble des travailleurs d&rsquo;apporter, de consommer et\/ou d&rsquo;inciter \u00e0 la consommation de boissons alcoolis\u00e9es dans les locaux et sites constituant un lieu de travail. Elle a \u00e9galement interdit de se pr\u00e9senter dans un \u00e9tat manifeste d&rsquo;ivresse.<\/p>\n<p>La consommation d&rsquo;alcool est, toutefois, autoris\u00e9e au restaurant et \u00e0 la caf\u00e9t\u00e9ria ainsi que lors de l&rsquo;organisation de f\u00eates et r\u00e9ceptions. Cependant, les boissons alcoolis\u00e9es ne peuvent en aucun cas d\u00e9passer 14\u00b0.<\/p>\n<p>La Commission communautaire fran\u00e7aise doit veiller \u00e0 ce que tous les travailleurs soient inform\u00e9s de cette proc\u00e9dure.<\/p>\n<p>Par ailleurs, le conseiller en pr\u00e9vention-m\u00e9decin du travail, qui constate un probl\u00e8me d&rsquo;alcool chez un travailleur, est charg\u00e9 d&rsquo;accompagner ce travailleur :<br \/>\n\u2013 soit en l&rsquo;informant sur les possibilit\u00e9s d&rsquo;assistance au sein de la Commission communautaire fran\u00e7aise;<br \/>\n\u2013 soit en l&rsquo;informant sur la possibilit\u00e9 de s&rsquo;adresser \u00e0 son m\u00e9decin traitant;<br \/>\n\u2013 ou encore, sous r\u00e9serve de l&rsquo;accord du travailleur, en prenant contact avec un intervenant externe.<\/p>\n<p>&nbsp;<\/p>\n<p><em>Pour retrouver le texte dans son int\u00e9gralit\u00e9, cliquez <a href=\"http:\/\/www.pfb.irisnet.be\/documents\/bulletin-des-travaux-du-1er-decembre-2014\/document\">ici<\/a>.<\/em><br \/>\n<em> BQR n\u00b01 (2014-2015), pp. 49-50<\/em><\/p>\n","protected":false},"excerpt":{"rendered":"<p>Question \u00e9crite de Monsieur Ga\u00ebtan VAN GOIDSENHOVEN, D\u00e9put\u00e9, adress\u00e9e \u00e0 Madame C\u00e9cile JODOGNE, [&hellip;]<\/p>\n","protected":false},"author":2,"featured_media":0,"comment_status":"closed","ping_status":"open","sticky":false,"template":"","format":"standard","meta":{"ngg_post_thumbnail":0,"footnotes":""},"categories":[33],"tags":[],"class_list":["post-785","post","type-post","status-publish","format-standard","hentry","category-questions-ecrites"],"aioseo_notices":[],"_links":{"self":[{"href":"https:\/\/gaetanvangoidsenhoven.be\/index.php\/wp-json\/wp\/v2\/posts\/785","targetHints":{"allow":["GET"]}}],"collection":[{"href":"https:\/\/gaetanvangoidsenhoven.be\/index.php\/wp-json\/wp\/v2\/posts"}],"about":[{"href":"https:\/\/gaetanvangoidsenhoven.be\/index.php\/wp-json\/wp\/v2\/types\/post"}],"author":[{"embeddable":true,"href":"https:\/\/gaetanvangoidsenhoven.be\/index.php\/wp-json\/wp\/v2\/users\/2"}],"replies":[{"embeddable":true,"href":"https:\/\/gaetanvangoidsenhoven.be\/index.php\/wp-json\/wp\/v2\/comments?post=785"}],"version-history":[{"count":1,"href":"https:\/\/gaetanvangoidsenhoven.be\/index.php\/wp-json\/wp\/v2\/posts\/785\/revisions"}],"predecessor-version":[{"id":786,"href":"https:\/\/gaetanvangoidsenhoven.be\/index.php\/wp-json\/wp\/v2\/posts\/785\/revisions\/786"}],"wp:attachment":[{"href":"https:\/\/gaetanvangoidsenhoven.be\/index.php\/wp-json\/wp\/v2\/media?parent=785"}],"wp:term":[{"taxonomy":"category","embeddable":true,"href":"https:\/\/gaetanvangoidsenhoven.be\/index.php\/wp-json\/wp\/v2\/categories?post=785"},{"taxonomy":"post_tag","embeddable":true,"href":"https:\/\/gaetanvangoidsenhoven.be\/index.php\/wp-json\/wp\/v2\/tags?post=785"}],"curies":[{"name":"wp","href":"https:\/\/api.w.org\/{rel}","templated":true}]}}