{"id":787,"date":"2014-09-25T10:16:16","date_gmt":"2014-09-25T09:16:16","guid":{"rendered":"http:\/\/gaetanvangoidsenhoven.be\/?p=787"},"modified":"2017-06-29T13:09:13","modified_gmt":"2017-06-29T12:09:13","slug":"la-participation-de-ladministration-de-la-commission-communautaire-francaise-a-lecole-dadministration-publique-commune-a-la-federation-wallonie-bruxelles-et-la-region-wallonne","status":"publish","type":"post","link":"https:\/\/gaetanvangoidsenhoven.be\/index.php\/2014\/09\/25\/la-participation-de-ladministration-de-la-commission-communautaire-francaise-a-lecole-dadministration-publique-commune-a-la-federation-wallonie-bruxelles-et-la-region-wallonne\/","title":{"rendered":"La participation de l&rsquo;administration de la Commission communautaire fran\u00e7aise \u00e0 l&rsquo;\u00e9cole d&rsquo;administration publique commune \u00e0 la F\u00e9d\u00e9ration Wallonie-Bruxelles et la R\u00e9gion wallonne"},"content":{"rendered":"<p><strong>Question \u00e9crite de Monsieur Ga\u00ebtan VAN GOIDSENHOVEN, D\u00e9put\u00e9, adress\u00e9e \u00e0 Madame C\u00e9cile JODOGNE, Ministre du Coll\u00e8ge de la Commission communautaire fran\u00e7aise, en charge de la Fonction publique et de la Sant\u00e9<\/strong><\/p>\n<p>concernant <strong>la participation de l&rsquo;administration de la Commission communautaire fran\u00e7aise \u00e0 l&rsquo;\u00c9cole de l&rsquo;administration publique commune \u00e0 la F\u00e9d\u00e9ration Wallonie-Bruxelles et \u00e0 la R\u00e9gion wallonne.<\/strong><\/p>\n<p>Afin de compl\u00e9ter mon information, je souhaiterais prendre connaissance des synergies nou\u00e9es entre l&rsquo;administration de la Commission communautaire fran\u00e7aise et l&rsquo;\u00c9cole de l&rsquo;administration commune \u00e0 la F\u00e9d\u00e9ration Wallonie-Bruxelles et \u00e0 la R\u00e9gion wallonne. Pourriez-vous \u00e9tayer votre r\u00e9ponse en communiquant les mesures, les budgets y aff\u00e9rents ainsi que le nombre d&rsquo;agents b\u00e9n\u00e9ficiaires, pour les ann\u00e9es 2013 et 2014 ?<\/p>\n<p><strong>R\u00e9ponse :&nbsp;<\/strong><\/p>\n<p>L&rsquo;accord de coop\u00e9ration du 11 novembre 2011 portant cr\u00e9ation de l&rsquo;\u00c9cole d&rsquo;administration publique commune \u00e0 la F\u00e9d\u00e9ration Wallonie-Bruxelles et \u00e0 la R\u00e9gion wallonne pr\u00e9voit une repr\u00e9sentation de la Commission communautaire fran\u00e7aise au sein du Coll\u00e8ge scientifique de l&rsquo;\u00c9cole. Depuis sa constitution, la conseill\u00e8re-cheffe de service en charge de la formation des agents des services du Coll\u00e8ge de la Commission communautaire fran\u00e7aise assiste en qualit\u00e9 de membre invit\u00e9e aux r\u00e9unions de cet organe charg\u00e9 de contribuer \u00e0 la qualit\u00e9 et \u00e0 la coh\u00e9rence des d\u00e9cisions p\u00e9dagogiques de l&rsquo;\u00c9cole.<\/p>\n<p>Concr\u00e8tement, en 2012-2013, le Coll\u00e8ge scientifique s&rsquo;est attel\u00e9 prioritairement \u00e0 la conception et \u00e0 l&rsquo;organisation de deux sessions visant \u00e0 l&rsquo;obtention d&rsquo;un certificat en management public. Un concours a \u00e9t\u00e9 programm\u00e9 pour s\u00e9lectionner un maximum de 70 candidats par session. Des appels ont \u00e9t\u00e9 publi\u00e9s en avril et en mai 2013 sur le site du Selor. Des annonces sp\u00e9cifiques ont \u00e9t\u00e9 \u00e9galement diffus\u00e9es \u00e0 l&rsquo;attention des agents des services du Coll\u00e8ge de la Commission communautaire fran\u00e7aise. \u00c0 notre connaissance, aucun fonctionnaire de la Commission communautaire fran\u00e7aise n&rsquo;a pr\u00e9sent\u00e9 le concours de s\u00e9lection et n&rsquo;a donc \u00e9t\u00e9 retenu parmi les 140 premiers candidats.<\/p>\n<p>En 2013-2014, le Coll\u00e8ge scientifique de &lsquo;\u00c9cole a ensuite \u00e9t\u00e9 associ\u00e9 \u00e0 la d\u00e9finition d&rsquo;une m\u00e9thodologie et d&rsquo;un calendrier pour le transfert des formations transversales \u00e0 la F\u00e9d\u00e9ration Wallonie-Bruxelles et \u00e0 la R\u00e9gion wallonne. Cet \u00e9t\u00e9, il a avalis\u00e9 le programme, la proc\u00e9dure de s\u00e9lection et le choix de prestataires pour les six premi\u00e8res th\u00e9matiques de formation, \u00e0 programmer dans le courant de cette ann\u00e9e acad\u00e9mique dans des domaines comme le&nbsp;management, l&rsquo;organisation, la s\u00e9curit\u00e9 et le bien- \u00eatre au travail.<\/p>\n<p>De par sa repr\u00e9sentation au Coll\u00e8ge scientifique, l&rsquo;administration de la Commission communautaire fran\u00e7aise participe au suivi du d\u00e9ploiement de l&rsquo;\u00c9cole et \u00e0 l&rsquo;\u00e9change fructueux d&rsquo;exp\u00e9riences et de bonnes pratiques. Elle est particuli\u00e8rement attentive aux synergies \u00e0 d\u00e9velopper et a d&rsquo;ores et d\u00e9j\u00e0 propos\u00e9 des pistes de collaboration. \u00c0 ce stade toutefois, aucun agent de la Commission communautaire fran\u00e7aise n&rsquo;a encore eu l&rsquo;occasion de participer \u00e0 des formations organis\u00e9es par l&rsquo;\u00c9cole et aucun budget n&rsquo;a \u00e9t\u00e9 allou\u00e9.<\/p>\n<p><em>Pour retrouver le texte dans son int\u00e9gralit\u00e9, cliquez <a href=\"http:\/\/www.pfb.irisnet.be\/documents\/bulletin-des-travaux-du-1er-decembre-2014\/document\">ici<\/a>.<\/em><br \/>\n<em> BQR n\u00b01 (2014-2015), p. 49<\/em><\/p>\n","protected":false},"excerpt":{"rendered":"<p>Question \u00e9crite de Monsieur Ga\u00ebtan VAN GOIDSENHOVEN, D\u00e9put\u00e9, adress\u00e9e \u00e0 Madame C\u00e9cile JODOGNE, [&hellip;]<\/p>\n","protected":false},"author":2,"featured_media":0,"comment_status":"closed","ping_status":"open","sticky":false,"template":"","format":"standard","meta":{"ngg_post_thumbnail":0,"footnotes":""},"categories":[33],"tags":[],"class_list":["post-787","post","type-post","status-publish","format-standard","hentry","category-questions-ecrites"],"aioseo_notices":[],"_links":{"self":[{"href":"https:\/\/gaetanvangoidsenhoven.be\/index.php\/wp-json\/wp\/v2\/posts\/787","targetHints":{"allow":["GET"]}}],"collection":[{"href":"https:\/\/gaetanvangoidsenhoven.be\/index.php\/wp-json\/wp\/v2\/posts"}],"about":[{"href":"https:\/\/gaetanvangoidsenhoven.be\/index.php\/wp-json\/wp\/v2\/types\/post"}],"author":[{"embeddable":true,"href":"https:\/\/gaetanvangoidsenhoven.be\/index.php\/wp-json\/wp\/v2\/users\/2"}],"replies":[{"embeddable":true,"href":"https:\/\/gaetanvangoidsenhoven.be\/index.php\/wp-json\/wp\/v2\/comments?post=787"}],"version-history":[{"count":1,"href":"https:\/\/gaetanvangoidsenhoven.be\/index.php\/wp-json\/wp\/v2\/posts\/787\/revisions"}],"predecessor-version":[{"id":788,"href":"https:\/\/gaetanvangoidsenhoven.be\/index.php\/wp-json\/wp\/v2\/posts\/787\/revisions\/788"}],"wp:attachment":[{"href":"https:\/\/gaetanvangoidsenhoven.be\/index.php\/wp-json\/wp\/v2\/media?parent=787"}],"wp:term":[{"taxonomy":"category","embeddable":true,"href":"https:\/\/gaetanvangoidsenhoven.be\/index.php\/wp-json\/wp\/v2\/categories?post=787"},{"taxonomy":"post_tag","embeddable":true,"href":"https:\/\/gaetanvangoidsenhoven.be\/index.php\/wp-json\/wp\/v2\/tags?post=787"}],"curies":[{"name":"wp","href":"https:\/\/api.w.org\/{rel}","templated":true}]}}