{"id":791,"date":"2014-09-25T10:46:33","date_gmt":"2014-09-25T09:46:33","guid":{"rendered":"http:\/\/gaetanvangoidsenhoven.be\/?p=791"},"modified":"2017-06-29T13:03:34","modified_gmt":"2017-06-29T12:03:34","slug":"la-mise-sur-pied-du-pacte-pour-bruxelles","status":"publish","type":"post","link":"https:\/\/gaetanvangoidsenhoven.be\/index.php\/2014\/09\/25\/la-mise-sur-pied-du-pacte-pour-bruxelles\/","title":{"rendered":"La mise sur pied du \u00ab Pacte pour Bruxelles \u00bb"},"content":{"rendered":"<p><strong><span style=\"font-family: 'Georgia',serif; color: #333333;\">Question \u00e9crite de Monsieur Ga\u00ebtan VAN GOIDSENHOVEN, D\u00e9put\u00e9, adress\u00e9e \u00e0 Monsieur Didier GOSUIN, Ministre du Coll\u00e8ge de la Commission communautaire fran\u00e7aise, en charge de la Formation professionnelle<\/span><\/strong><\/p>\n<p>concernant&nbsp;<strong>la mise sur pied du \u00ab Pacte pour Bruxelles \u00bb.<\/strong><\/p>\n<p>Afin de compl\u00e9ter mon information, je souhaiterais savoir si le Coll\u00e8ge a d\u00e9j\u00e0 retenu une m\u00e9thodologie de travail, des r\u00e9unions de concertation ainsi qu&rsquo;un calendrier pour la mise sur pied du \u00ab Pacte pour Bruxelles \u00bb, tel que repris dans la d\u00e9claration de majorit\u00e9. Si tel est le cas, pourriez-vous m&rsquo;en communiquer les grandes lignes ?<\/p>\n<p><strong>R\u00e9ponse :<\/strong>&nbsp;J&rsquo;imagine que votre question concernant le Pacte de Bruxelles visait \u00e0 faire r\u00e9f\u00e9rence \u00e0 la mise en place du Comit\u00e9 bruxellois de concertation \u00e9conomique et sociale \u00e9largi ainsi qu&rsquo;\u00e0 la task force \u00ab Emploi-Formation-Enseignement-Entreprise \u00bb.<\/p>\n<p>Pour rappel, l&rsquo;accord de Gouvernement pr\u00e9voit que le Comit\u00e9 bruxellois de concertation \u00e9conomique et sociale (CBCES) \u00e9largi aux pouvoirs communautaires sera le lieu d&rsquo;\u00e9laboration et d&rsquo;orientation strat\u00e9gique de l&rsquo;Alliance Emploi-Formation, v\u00e9ritable&nbsp;plan d&rsquo;actions commun et de suivi entre les diff\u00e9rents niveaux d&rsquo;acteurs et de pouvoirs (locaux, r\u00e9gionaux et communautaires) pour favoriser l&#8217;emploi et la formation des Bruxellois. Le 9 octobre dernier, le Gouvernement a adopt\u00e9 l&rsquo;arr\u00eat\u00e9 cr\u00e9ant officiellement ce CBCES \u00e9largi.<\/p>\n<p>Tel que pr\u00e9vu dans l&rsquo;accord de Gouvernement, il sera cr\u00e9\u00e9 au sein du CBCES \u00e9largi une task-force op\u00e9rationnelle \u00ab Emploi-Formation-Enseignement-Entreprise \u00bb. La task-force sera compos\u00e9e des acteurs du CBCES ainsi que des services publics d&#8217;emploi et de formation actifs sur le territoire de la R\u00e9gion (Actiris, Bruxelles Formation, VDAB) et des repr\u00e9sentants du monde de l&rsquo;enseignement des 2 communaut\u00e9s linguistiques.<\/p>\n<p>La task-force op\u00e9rationnelle Emploi-Formation-Enseignement-Entreprise du CBCES \u00e9largi sera mise en place dans les prochaines semaines. Elle proposera ensuite au Gouvernement les objectifs op\u00e9rationnels de l&rsquo;Alliance Emploi-Formation. D\u00e8s les premiers mois de 2015, elle travaillera en \u00e9troite collaboration avec le Gouvernement \u00e0 l&rsquo;op\u00e9rationnalisation des objectifs de l&rsquo;Alliance.<\/p>\n<p><em><span style=\"font-family: 'Georgia',serif; color: #333333;\">Pour retrouver le texte dans son int\u00e9gralit\u00e9, cliquez <a href=\"http:\/\/www.pfb.irisnet.be\/documents\/bulletin-des-travaux-du-1er-decembre-2014\/document\">ici<\/a>.<br \/>\nBQR n\u00b01 (2014-2015), pp. 57-58<\/span><\/em><\/p>\n","protected":false},"excerpt":{"rendered":"<p>Question \u00e9crite de Monsieur Ga\u00ebtan VAN GOIDSENHOVEN, D\u00e9put\u00e9, adress\u00e9e \u00e0 Monsieur Didier GOSUIN, [&hellip;]<\/p>\n","protected":false},"author":2,"featured_media":0,"comment_status":"closed","ping_status":"open","sticky":false,"template":"","format":"standard","meta":{"ngg_post_thumbnail":0,"footnotes":""},"categories":[33],"tags":[],"class_list":["post-791","post","type-post","status-publish","format-standard","hentry","category-questions-ecrites"],"aioseo_notices":[],"_links":{"self":[{"href":"https:\/\/gaetanvangoidsenhoven.be\/index.php\/wp-json\/wp\/v2\/posts\/791","targetHints":{"allow":["GET"]}}],"collection":[{"href":"https:\/\/gaetanvangoidsenhoven.be\/index.php\/wp-json\/wp\/v2\/posts"}],"about":[{"href":"https:\/\/gaetanvangoidsenhoven.be\/index.php\/wp-json\/wp\/v2\/types\/post"}],"author":[{"embeddable":true,"href":"https:\/\/gaetanvangoidsenhoven.be\/index.php\/wp-json\/wp\/v2\/users\/2"}],"replies":[{"embeddable":true,"href":"https:\/\/gaetanvangoidsenhoven.be\/index.php\/wp-json\/wp\/v2\/comments?post=791"}],"version-history":[{"count":1,"href":"https:\/\/gaetanvangoidsenhoven.be\/index.php\/wp-json\/wp\/v2\/posts\/791\/revisions"}],"predecessor-version":[{"id":792,"href":"https:\/\/gaetanvangoidsenhoven.be\/index.php\/wp-json\/wp\/v2\/posts\/791\/revisions\/792"}],"wp:attachment":[{"href":"https:\/\/gaetanvangoidsenhoven.be\/index.php\/wp-json\/wp\/v2\/media?parent=791"}],"wp:term":[{"taxonomy":"category","embeddable":true,"href":"https:\/\/gaetanvangoidsenhoven.be\/index.php\/wp-json\/wp\/v2\/categories?post=791"},{"taxonomy":"post_tag","embeddable":true,"href":"https:\/\/gaetanvangoidsenhoven.be\/index.php\/wp-json\/wp\/v2\/tags?post=791"}],"curies":[{"name":"wp","href":"https:\/\/api.w.org\/{rel}","templated":true}]}}