{"id":797,"date":"2014-09-25T10:59:22","date_gmt":"2014-09-25T09:59:22","guid":{"rendered":"http:\/\/gaetanvangoidsenhoven.be\/?p=797"},"modified":"2017-06-29T13:04:33","modified_gmt":"2017-06-29T12:04:33","slug":"les-initiatives-en-faveur-des-partenariats-public-prive-en-matiere-de-culture","status":"publish","type":"post","link":"https:\/\/gaetanvangoidsenhoven.be\/index.php\/2014\/09\/25\/les-initiatives-en-faveur-des-partenariats-public-prive-en-matiere-de-culture\/","title":{"rendered":"Les initiatives en faveur des partenariats public-priv\u00e9 en mati\u00e8re de culture"},"content":{"rendered":"<p><strong>Question \u00e9crite de Monsieur Ga\u00ebtan VAN GOIDSENHOVEN, D\u00e9put\u00e9, adress\u00e9e \u00e0 Madame Fadila LAANAN, Ministre-Pr\u00e9sidente du Coll\u00e8ge de la Commission communautaire fran\u00e7aise, en charge du Budget, de l&rsquo;Enseignement, du Transport scolaire, de l&rsquo;Accueil de l&rsquo;enfance, du Sport et de la Culture<\/strong><\/p>\n<p>Afin de compl\u00e9ter mon information, je souhaiterais prendre connaissance des initiatives qui ont \u00e9t\u00e9 men\u00e9es par vos services afin de favoriser les partenariats public-priv\u00e9, en mati\u00e8re de culture (infrastructure, m\u00e9c\u00e9nat, etc.). Pourriez-vous \u00e9tayer votre r\u00e9ponse en communiquant les r\u00e9sultats obtenus pour les ann\u00e9es 2013 et 2014 ?<\/p>\n<p><strong>R\u00e9ponse :<\/strong><\/p>\n<p>Les initiatives favorisant les partenariats publics-priv\u00e9s rel\u00e8vent davantage du Ministre ayant l&rsquo;\u00e9conomie et donc les industries cr\u00e9atives dans ses attributions. La R\u00e9gion bruxelloise finance par ailleurs avec la F\u00e9d\u00e9ration Wallonie-Bruxelles les Caius de Promethea, qui encouragent le m\u00e9c\u00e9nat d&rsquo;entreprise dans le domaine des arts et du patrimoine.<\/p>\n<p><em>Pour retrouver le texte dans son int\u00e9gralit\u00e9, cliquez <a href=\"http:\/\/www.pfb.irisnet.be\/documents\/bulletin-des-travaux-du-1er-decembre-2014\/document\">ici<\/a>.<\/em><br \/>\n<em> BQR n\u00b01 (2014-2015), p. 10<\/em><\/p>\n","protected":false},"excerpt":{"rendered":"<p>Question \u00e9crite de Monsieur Ga\u00ebtan VAN GOIDSENHOVEN, D\u00e9put\u00e9, adress\u00e9e \u00e0 Madame Fadila LAANAN, [&hellip;]<\/p>\n","protected":false},"author":2,"featured_media":0,"comment_status":"closed","ping_status":"open","sticky":false,"template":"","format":"standard","meta":{"ngg_post_thumbnail":0,"footnotes":""},"categories":[33],"tags":[],"class_list":["post-797","post","type-post","status-publish","format-standard","hentry","category-questions-ecrites"],"aioseo_notices":[],"_links":{"self":[{"href":"https:\/\/gaetanvangoidsenhoven.be\/index.php\/wp-json\/wp\/v2\/posts\/797","targetHints":{"allow":["GET"]}}],"collection":[{"href":"https:\/\/gaetanvangoidsenhoven.be\/index.php\/wp-json\/wp\/v2\/posts"}],"about":[{"href":"https:\/\/gaetanvangoidsenhoven.be\/index.php\/wp-json\/wp\/v2\/types\/post"}],"author":[{"embeddable":true,"href":"https:\/\/gaetanvangoidsenhoven.be\/index.php\/wp-json\/wp\/v2\/users\/2"}],"replies":[{"embeddable":true,"href":"https:\/\/gaetanvangoidsenhoven.be\/index.php\/wp-json\/wp\/v2\/comments?post=797"}],"version-history":[{"count":1,"href":"https:\/\/gaetanvangoidsenhoven.be\/index.php\/wp-json\/wp\/v2\/posts\/797\/revisions"}],"predecessor-version":[{"id":798,"href":"https:\/\/gaetanvangoidsenhoven.be\/index.php\/wp-json\/wp\/v2\/posts\/797\/revisions\/798"}],"wp:attachment":[{"href":"https:\/\/gaetanvangoidsenhoven.be\/index.php\/wp-json\/wp\/v2\/media?parent=797"}],"wp:term":[{"taxonomy":"category","embeddable":true,"href":"https:\/\/gaetanvangoidsenhoven.be\/index.php\/wp-json\/wp\/v2\/categories?post=797"},{"taxonomy":"post_tag","embeddable":true,"href":"https:\/\/gaetanvangoidsenhoven.be\/index.php\/wp-json\/wp\/v2\/tags?post=797"}],"curies":[{"name":"wp","href":"https:\/\/api.w.org\/{rel}","templated":true}]}}