{"id":803,"date":"2014-09-25T11:15:06","date_gmt":"2014-09-25T10:15:06","guid":{"rendered":"http:\/\/gaetanvangoidsenhoven.be\/?p=803"},"modified":"2017-06-29T13:06:16","modified_gmt":"2017-06-29T12:06:16","slug":"la-composition-et-lorganisation-du-cabinet-de-la-ministre-jodogne","status":"publish","type":"post","link":"https:\/\/gaetanvangoidsenhoven.be\/index.php\/2014\/09\/25\/la-composition-et-lorganisation-du-cabinet-de-la-ministre-jodogne\/","title":{"rendered":"La composition et l&rsquo;organisation du cabinet de la ministre Jodogne"},"content":{"rendered":"<p><strong>Question \u00e9crite de Monsieur Ga\u00ebtan VAN GOIDSENHOVEN, D\u00e9put\u00e9, adress\u00e9e \u00e0 Madame C\u00e9cile JODOGNE, Ministre du Coll\u00e8ge de la Commission communautaire fran\u00e7aise, en charge de la Fonction publique et de la Sant\u00e9<\/strong><\/p>\n<p>concernant<strong> la composition et l&rsquo;organisation du cabinet de la ministre Jodogne.<\/strong><\/p>\n<p>Afin de compl\u00e9ter mon information sur la composition et l&rsquo;organisation de votre cabinet, je souhaiterais obtenir des r\u00e9ponses aux questions suivantes :<\/p>\n<p>\u2013 Quel est le nombre de personnes qui sont employ\u00e9es au sein de votre cabinet minist\u00e9riel ?<\/p>\n<p>\u2013 Quel est le nombre de personnes qui sont d\u00e9tach\u00e9es de l&rsquo;administration et quels sont leurs services publics d&rsquo;origine ?<\/p>\n<p>\u2013 Quelle est la proportion de femmes et d&rsquo;hommes au sein de votre \u00e9quipe ?<\/p>\n<p>\u2013 Votre cabinet compte-t-il \u00e9ventuellement des personnes handicap\u00e9es ? Le cas \u00e9ch\u00e9ant, quel est leur nombre ?<\/p>\n<p>\u2013 Votre \u00e9quipe est-elle \u00e9ventuellement compos\u00e9e de mandataires communaux ? Le cas \u00e9ch\u00e9ant, combien sont-ils et quelles sont les communes y aff\u00e9rentes ?<\/p>\n<p>\u2013 Combien de v\u00e9hicules sont-ils utilis\u00e9s par votre cabinet et quelles sont leurs \u00e9missions respectives de CO2 ?<\/p>\n<p>\u2013 Sur le nombre total d&rsquo;ordinateurs utilis\u00e9s par votre \u00e9quipe, quelle est la proportion des postes dot\u00e9s de logiciels libres ?<\/p>\n<p><strong>R\u00e9ponse :<\/strong><\/p>\n<p>Voici les chiffres concernant le personnel de la Commission communautaire fran\u00e7aise pr\u00e9vu \u00e0 ce jour au 1er novembre 2014.<\/p>\n<p>\u2013 6 personnes seront employ\u00e9es au sein de mon cabinet.<\/p>\n<p>\u2013 6 personnes seront d\u00e9tach\u00e9es de la Commission communautaire fran\u00e7aise (Cocof).<\/p>\n<p>\u2013 Mon \u00e9quipe sera compos\u00e9e de 4 femmes et 2 hommes.<\/p>\n<p>\u2013 \u00c0 ce jour, aucune personne handicap\u00e9e n&rsquo;a \u00e9t\u00e9 recrut\u00e9e.<\/p>\n<p>\u2013 Mon \u00e9quipe ne compte pas de mandataires communaux.<\/p>\n<p>\u2013 Mon cabinet dispose de 2 v\u00e9hicules : une OPEL AMPERA et une TOYOTA PRIUS. Les deux v\u00e9hicules sont en leasing. Nous poursuivons les contrats conclus par le cabinet De Lille. L&rsquo;OPEL AMPERA est un v\u00e9hicule hybride donc principalement \u00e9lectrique avec un petit r\u00e9servoir d&rsquo;essence. La TOYOTA PRIUS est \u00e9galement un v\u00e9hicule hybride, principalement \u00e9lectrique avec un r\u00e9servoir d&rsquo;essence. Les deux v\u00e9hicules appartiennent \u00e0 la cat\u00e9gorie Euro 5. L&rsquo;OPEL AMPERA \u00e9met 27 g de CO2 par km tandis que la TOYOTA PRIUS en \u00e9met 89 g par km.<\/p>\n<p>\u2013 Nous utilisons un ordinateur par personne. Tous sont dot\u00e9s de logiciels libres.<\/p>\n<p><em>Pour retrouver le texte dans son int\u00e9gralit\u00e9, cliquez <a href=\"http:\/\/www.pfb.irisnet.be\/documents\/bulletin-des-travaux-du-1er-decembre-2014\/document\">ici<\/a>.<\/em><br \/>\n<em> BQR n\u00b01 (2014-2015), p. 50<\/em><\/p>\n","protected":false},"excerpt":{"rendered":"<p>Question \u00e9crite de Monsieur Ga\u00ebtan VAN GOIDSENHOVEN, D\u00e9put\u00e9, adress\u00e9e \u00e0 Madame C\u00e9cile JODOGNE, [&hellip;]<\/p>\n","protected":false},"author":2,"featured_media":0,"comment_status":"closed","ping_status":"open","sticky":false,"template":"","format":"standard","meta":{"ngg_post_thumbnail":0,"footnotes":""},"categories":[33],"tags":[],"class_list":["post-803","post","type-post","status-publish","format-standard","hentry","category-questions-ecrites"],"aioseo_notices":[],"_links":{"self":[{"href":"https:\/\/gaetanvangoidsenhoven.be\/index.php\/wp-json\/wp\/v2\/posts\/803","targetHints":{"allow":["GET"]}}],"collection":[{"href":"https:\/\/gaetanvangoidsenhoven.be\/index.php\/wp-json\/wp\/v2\/posts"}],"about":[{"href":"https:\/\/gaetanvangoidsenhoven.be\/index.php\/wp-json\/wp\/v2\/types\/post"}],"author":[{"embeddable":true,"href":"https:\/\/gaetanvangoidsenhoven.be\/index.php\/wp-json\/wp\/v2\/users\/2"}],"replies":[{"embeddable":true,"href":"https:\/\/gaetanvangoidsenhoven.be\/index.php\/wp-json\/wp\/v2\/comments?post=803"}],"version-history":[{"count":1,"href":"https:\/\/gaetanvangoidsenhoven.be\/index.php\/wp-json\/wp\/v2\/posts\/803\/revisions"}],"predecessor-version":[{"id":804,"href":"https:\/\/gaetanvangoidsenhoven.be\/index.php\/wp-json\/wp\/v2\/posts\/803\/revisions\/804"}],"wp:attachment":[{"href":"https:\/\/gaetanvangoidsenhoven.be\/index.php\/wp-json\/wp\/v2\/media?parent=803"}],"wp:term":[{"taxonomy":"category","embeddable":true,"href":"https:\/\/gaetanvangoidsenhoven.be\/index.php\/wp-json\/wp\/v2\/categories?post=803"},{"taxonomy":"post_tag","embeddable":true,"href":"https:\/\/gaetanvangoidsenhoven.be\/index.php\/wp-json\/wp\/v2\/tags?post=803"}],"curies":[{"name":"wp","href":"https:\/\/api.w.org\/{rel}","templated":true}]}}