{"id":805,"date":"2014-09-25T11:17:48","date_gmt":"2014-09-25T10:17:48","guid":{"rendered":"http:\/\/gaetanvangoidsenhoven.be\/?p=805"},"modified":"2017-06-29T13:09:52","modified_gmt":"2017-06-29T12:09:52","slug":"le-demenagement-des-services-de-bruxelles-formation-au-sein-de-la-tour-astro","status":"publish","type":"post","link":"https:\/\/gaetanvangoidsenhoven.be\/index.php\/2014\/09\/25\/le-demenagement-des-services-de-bruxelles-formation-au-sein-de-la-tour-astro\/","title":{"rendered":"Le d\u00e9m\u00e9nagement des services de Bruxelles Formation au sein de la tour Astro"},"content":{"rendered":"<p><strong><span style=\"font-family: 'Georgia',serif; color: #333333;\">Question \u00e9crite de Monsieur Ga\u00ebtan VAN GOIDSENHOVEN, D\u00e9put\u00e9, adress\u00e9e \u00e0 Monsieur Didier GOSUIN, Ministre du Coll\u00e8ge de la Commission communautaire fran\u00e7aise, en charge de la Formation professionnelle<\/span><\/strong><\/p>\n<p>concernant <strong>le d\u00e9m\u00e9nagement des services de Bruxelles Formation au sein de la tour Astro.<\/strong><\/p>\n<p>Afin de compl\u00e9ter mon information, je souhaiterais savoir o\u00f9 en sont les op\u00e9rations li\u00e9es au d\u00e9m\u00e9nagement des services de Bruxelles Formation au&nbsp;sein de la Tour Astro. Pourriez-vous me communiquer l&rsquo;\u00e9tat des lieux des travaux dans ce dossier ?<\/p>\n<p><strong>R\u00e9ponse : <\/strong><\/p>\n<p>Bruxelles Formation a sign\u00e9 le 5 novembre 2014, l&rsquo;acte authentique (puisqu&rsquo;il s&rsquo;agit d&rsquo;un bail d\u00e9passant le terme de 9 ans). La livraison de la Tour est pr\u00e9vue le 29 f\u00e9vrier 2016.<\/p>\n<p>Depuis, la d\u00e9finition des besoins g\u00e9n\u00e9raux d&rsquo;am\u00e9nagement ainsi que l&rsquo;inventaire \u00ab room by room \u00bb ont \u00e9t\u00e9 d\u00e9termin\u00e9s et transmis aux propri\u00e9taires de la Tour Astro.<\/p>\n<p>Pour ce qui est du suivi des travaux, c&rsquo;est Actiris qui est ma\u00eetre de l&rsquo;ouvrage.<\/p>\n<p>Enfin, \u00e0 l&rsquo;heure actuelle, les dates des d\u00e9m\u00e9nagements ne sont pas encore programm\u00e9es.<\/p>\n<p>&nbsp;<\/p>\n<p><em><span style=\"font-family: 'Georgia',serif; color: #333333;\">Pour retrouver le texte dans son int\u00e9gralit\u00e9, cliquez <a href=\"http:\/\/www.pfb.irisnet.be\/documents\/bulletin-des-travaux-du-1er-decembre-2014\/document\">ici<\/a>.<br \/>\nBQR n\u00b01 (2014-2015), p. 54<\/span><\/em><\/p>\n","protected":false},"excerpt":{"rendered":"<p>Question \u00e9crite de Monsieur Ga\u00ebtan VAN GOIDSENHOVEN, D\u00e9put\u00e9, adress\u00e9e \u00e0 Monsieur Didier GOSUIN, [&hellip;]<\/p>\n","protected":false},"author":2,"featured_media":0,"comment_status":"closed","ping_status":"open","sticky":false,"template":"","format":"standard","meta":{"ngg_post_thumbnail":0,"footnotes":""},"categories":[33],"tags":[],"class_list":["post-805","post","type-post","status-publish","format-standard","hentry","category-questions-ecrites"],"aioseo_notices":[],"_links":{"self":[{"href":"https:\/\/gaetanvangoidsenhoven.be\/index.php\/wp-json\/wp\/v2\/posts\/805","targetHints":{"allow":["GET"]}}],"collection":[{"href":"https:\/\/gaetanvangoidsenhoven.be\/index.php\/wp-json\/wp\/v2\/posts"}],"about":[{"href":"https:\/\/gaetanvangoidsenhoven.be\/index.php\/wp-json\/wp\/v2\/types\/post"}],"author":[{"embeddable":true,"href":"https:\/\/gaetanvangoidsenhoven.be\/index.php\/wp-json\/wp\/v2\/users\/2"}],"replies":[{"embeddable":true,"href":"https:\/\/gaetanvangoidsenhoven.be\/index.php\/wp-json\/wp\/v2\/comments?post=805"}],"version-history":[{"count":1,"href":"https:\/\/gaetanvangoidsenhoven.be\/index.php\/wp-json\/wp\/v2\/posts\/805\/revisions"}],"predecessor-version":[{"id":806,"href":"https:\/\/gaetanvangoidsenhoven.be\/index.php\/wp-json\/wp\/v2\/posts\/805\/revisions\/806"}],"wp:attachment":[{"href":"https:\/\/gaetanvangoidsenhoven.be\/index.php\/wp-json\/wp\/v2\/media?parent=805"}],"wp:term":[{"taxonomy":"category","embeddable":true,"href":"https:\/\/gaetanvangoidsenhoven.be\/index.php\/wp-json\/wp\/v2\/categories?post=805"},{"taxonomy":"post_tag","embeddable":true,"href":"https:\/\/gaetanvangoidsenhoven.be\/index.php\/wp-json\/wp\/v2\/tags?post=805"}],"curies":[{"name":"wp","href":"https:\/\/api.w.org\/{rel}","templated":true}]}}