{"id":811,"date":"2015-03-04T11:57:25","date_gmt":"2015-03-04T10:57:25","guid":{"rendered":"http:\/\/gaetanvangoidsenhoven.be\/?p=811"},"modified":"2017-06-29T11:57:47","modified_gmt":"2017-06-29T10:57:47","slug":"le-centre-regional-dappui","status":"publish","type":"post","link":"https:\/\/gaetanvangoidsenhoven.be\/index.php\/2015\/03\/04\/le-centre-regional-dappui\/","title":{"rendered":"Le Centre r\u00e9gional d&rsquo;appui"},"content":{"rendered":"<p><strong><span style=\"font-family: 'Georgia',serif; color: #333333;\">Question \u00e9crite de Monsieur Ga\u00ebtan VAN GOIDSENHOVEN, D\u00e9put\u00e9, adress\u00e9e \u00e0 Monsieur Rudi VERVOORT, Ministre du Coll\u00e8ge de la Commission communautaire fran\u00e7aise, en charge de la Coh\u00e9sion sociale<\/span><\/strong><\/p>\n<p>concernant<strong> le Centre r\u00e9gional d&rsquo;appui<\/strong><\/p>\n<p>Dans son budget 2015, le Gouvernement de la Commission communautaire fran\u00e7aise a octroy\u00e9 un montant de 243.000 \u20ac \u00e0 l&rsquo;allocation de base 33.06 au motif de \u00ab Subvention au Centre r\u00e9gional d&rsquo;appui \u00bb.<\/p>\n<p>\u2013 Pouvez-vous me renseigner les coordonn\u00e9es de ce Centre ? Dispose-t-il d&rsquo;un site internet ?<\/p>\n<p>\u2013 Pouvez-vous me pr\u00e9ciser quelles sont ses missions ?<\/p>\n<p>\u2013 Pouvez-vous me communiquer la composition de son \u00e9quipe ?<\/p>\n<p>\u2013 Pouvez-vous me dire s&rsquo;il s&rsquo;agit d&rsquo;une structure distincte de l&rsquo;ASBL Centre bruxellois d&rsquo;action interculturelle ?<\/p>\n<p><strong>R\u00e9ponse :<\/strong><\/p>\n<p>Le Centre r\u00e9gional d&rsquo;appui \u00e0 la Coh\u00e9sion sociale est d\u00e9sign\u00e9 en application de l&rsquo;article 15 du d\u00e9cret du 13 mai 2004 relatif \u00e0 la Coh\u00e9sion sociale (CRACS) et de l&rsquo;arr\u00eat\u00e9 2005\/9 du Coll\u00e8ge de la Commission communautaire fran\u00e7aise portant ex\u00e9cution de ce d\u00e9cret. Les missions sont d\u00e9fi nies dans ce m\u00eame d\u00e9cret de la mani\u00e8re suivante : \u00ab Le Centre r\u00e9gional est charg\u00e9 d&rsquo;\u00e9laborer en concertation avec les coordinations locales un rapport annuel sur l&rsquo;application du d\u00e9cret dans l&rsquo;ensemble de la R\u00e9gion et de proposer au Coll\u00e8ge des orientations nouvelles pour cette politique. Ce rapport est communiqu\u00e9 \u00e0 l&rsquo;Assembl\u00e9e de la Commission communautaire fran\u00e7aise. Il organise la rencontre des acteurs de la coh\u00e9sion sociale au niveau r\u00e9gional. Il est charg\u00e9 d&rsquo;organiser un accompagnement m\u00e9thodologique des coordinations. \u00bb.<\/p>\n<p>Le Centre r\u00e9gional d&rsquo;appui est un service de l&rsquo;ASBL Centre bruxellois d&rsquo;action interculturelle. Il dispose d&rsquo;un onglet sp\u00e9cifique sur le site du CBAI. Trois personnes ETP constituent l&rsquo;\u00e9quipe du CRACS.<\/p>\n<p><em><span style=\"font-family: 'Georgia',serif; color: #333333;\">Pour retrouver le texte dans son int\u00e9gralit\u00e9, cliquez <a href=\"http:\/\/www.pfb.irisnet.be\/documents\/bulletin-des-questions-et-des-reponses-du-15-juillet-2015\/document\">ici<\/a>.<br \/>\nBQR n\u00b01 (2014-2015), p. 25<\/span><\/em><\/p>\n","protected":false},"excerpt":{"rendered":"<p>Question \u00e9crite de Monsieur Ga\u00ebtan VAN GOIDSENHOVEN, D\u00e9put\u00e9, adress\u00e9e \u00e0 Monsieur Rudi VERVOORT, [&hellip;]<\/p>\n","protected":false},"author":2,"featured_media":0,"comment_status":"closed","ping_status":"open","sticky":false,"template":"","format":"standard","meta":{"ngg_post_thumbnail":0,"footnotes":""},"categories":[33],"tags":[],"class_list":["post-811","post","type-post","status-publish","format-standard","hentry","category-questions-ecrites"],"aioseo_notices":[],"_links":{"self":[{"href":"https:\/\/gaetanvangoidsenhoven.be\/index.php\/wp-json\/wp\/v2\/posts\/811","targetHints":{"allow":["GET"]}}],"collection":[{"href":"https:\/\/gaetanvangoidsenhoven.be\/index.php\/wp-json\/wp\/v2\/posts"}],"about":[{"href":"https:\/\/gaetanvangoidsenhoven.be\/index.php\/wp-json\/wp\/v2\/types\/post"}],"author":[{"embeddable":true,"href":"https:\/\/gaetanvangoidsenhoven.be\/index.php\/wp-json\/wp\/v2\/users\/2"}],"replies":[{"embeddable":true,"href":"https:\/\/gaetanvangoidsenhoven.be\/index.php\/wp-json\/wp\/v2\/comments?post=811"}],"version-history":[{"count":1,"href":"https:\/\/gaetanvangoidsenhoven.be\/index.php\/wp-json\/wp\/v2\/posts\/811\/revisions"}],"predecessor-version":[{"id":812,"href":"https:\/\/gaetanvangoidsenhoven.be\/index.php\/wp-json\/wp\/v2\/posts\/811\/revisions\/812"}],"wp:attachment":[{"href":"https:\/\/gaetanvangoidsenhoven.be\/index.php\/wp-json\/wp\/v2\/media?parent=811"}],"wp:term":[{"taxonomy":"category","embeddable":true,"href":"https:\/\/gaetanvangoidsenhoven.be\/index.php\/wp-json\/wp\/v2\/categories?post=811"},{"taxonomy":"post_tag","embeddable":true,"href":"https:\/\/gaetanvangoidsenhoven.be\/index.php\/wp-json\/wp\/v2\/tags?post=811"}],"curies":[{"name":"wp","href":"https:\/\/api.w.org\/{rel}","templated":true}]}}