{"id":823,"date":"2016-11-29T12:44:24","date_gmt":"2016-11-29T11:44:24","guid":{"rendered":"http:\/\/gaetanvangoidsenhoven.be\/?p=823"},"modified":"2017-06-29T12:50:36","modified_gmt":"2017-06-29T11:50:36","slug":"les-relations-internationales-de-la-cocof-recentrage-des-pays-partenaires-prioritaires-et-thematiques-privilegiees","status":"publish","type":"post","link":"https:\/\/gaetanvangoidsenhoven.be\/index.php\/2016\/11\/29\/les-relations-internationales-de-la-cocof-recentrage-des-pays-partenaires-prioritaires-et-thematiques-privilegiees\/","title":{"rendered":"Les Relations internationales de la COCOF : Recentrage des pays partenaires prioritaires et th\u00e9matiques privil\u00e9gi\u00e9es"},"content":{"rendered":"<p><strong>Question \u00e9crite de Monsieur Ga\u00ebtan VAN GOIDSENHOVEN, D\u00e9put\u00e9, adress\u00e9e \u00e0 Madame C\u00e9line FREMAULT, Ministre du Coll\u00e8ge de la Commission communautaire fran\u00e7aise, en charge de l&rsquo;Aide aux personnes handicap\u00e9es, de l&rsquo;Action sociale, de la Famille et des Relations internationales<\/strong><\/p>\n<p>concernant<strong> les Relations internationales de la Commission communautaire fran\u00e7aise : Recentrage des pays partenaires prioritaires et th\u00e9matiques privil\u00e9gi\u00e9es.<\/strong><\/p>\n<p>Wallonie-Bruxelles International a \u00e9t\u00e9 institu\u00e9 suite \u00e0 l&rsquo;accord de coop\u00e9ration tripartite du 20 mars 2008 entre la F\u00e9d\u00e9ration Wallonie-Bruxelles, la R\u00e9gion wallonne et la Commission communautaire fran\u00e7aise. Elle a entre autres pour mission la gestion des Relations internationales de la Commission communautaire fran\u00e7aise.<\/p>\n<p>Sur des recettes totales estim\u00e9es \u00e0 plus de 68 millions, une dotation annuelle de 232.000 \u20ac est vers\u00e9e \u00e0 WBI avec un cr\u00e9dit budg\u00e9taire sp\u00e9cifiquement d\u00e9di\u00e9 \u00e0 l&rsquo;action internationale de la Commission.<\/p>\n<p>Bien s\u00fbr, compte tenu des budgets consacr\u00e9s aux Relations internationales, la limitation dans le nombre de partenaires est largement compr\u00e9hensible. D\u00e8s lors, \u00e0 travers l&rsquo;action de WBI, la Commission communautaire fran\u00e7aise est aujourd&rsquo;hui repr\u00e9sent\u00e9e dans 16 accords bilat\u00e9raux r\u00e9partis entre 10 partenaires du Nord et 6 partenaires du Sud et est impliqu\u00e9e avec diff\u00e9rents pays partenaires dans les th\u00e9matiques relatives \u00e0 la Formation professionnelle, \u00e0 la Sant\u00e9 et aux Affaires sociales via les commissions mixtes.<\/p>\n<p>Madame la Ministre, en r\u00e9ponse \u00e0 une pr\u00e9c\u00e9dente interpellation du Parlement, vous nous dressiez en juillet dernier le bilan des projets en cours et les objectifs atteints de m\u00eame que les efforts \u00e0 poursuivre.<\/p>\n<p>Je m&rsquo;interroge maintenant sur la poursuite des grands objectifs en mati\u00e8re de coop\u00e9ration, comme en t\u00e9moigne le discours de la Ministre-Pr\u00e9sidente lors de sa D\u00e9claration de Politique g\u00e9n\u00e9rale. L&rsquo;un des points abord\u00e9s concernait la red\u00e9finition des pays prioritaires et un recentrage des th\u00e9matiques de la Commission communautaire fran\u00e7aise dans ses relations internationales.<\/p>\n<p>D\u00e8s lors, pouvez-vous m&rsquo;\u00e9clairer sur l&rsquo;\u00e9tat de votre r\u00e9flexion et de vos avanc\u00e9es sur les points suivants :<\/p>\n<p>Au vu des moyens limit\u00e9s mais du nombre toujours plus croissant des besoins des populations et sur un nombre toujours plus important de th\u00e9matiques, nous nous interrogeons sur la strat\u00e9gie que compte adopter le Coll\u00e8ge en 2017 pour r\u00e9pondre de mani\u00e8re efficace \u00e0 la plupart des consid\u00e9rations qui pr\u00e9c\u00e8dent. Quels sont donc les pays jug\u00e9s prioritaires par le Coll\u00e8ge et sur quelles th\u00e9matiques les actions et les partenariats s&rsquo;appuieront-elles ?<\/p>\n<p>Le mot qui avait pr\u00e9cis\u00e9ment utilis\u00e9 lors de la D\u00e9claration de Politique g\u00e9n\u00e9rale \u00e9tait celui de \u00ab recentrage \u00bb des pays partenaires. D\u00e8s lors, quels sont les pays pour lesquels la coop\u00e9ration sera abandonn\u00e9e et sur quelles th\u00e9matiques ces partenariats reposaient-ils ? Doit-on \u00e9galement entendre par l\u00e0 le glas de la prospection de nouveaux partenaires ? Cela ne vient-il pas en contradiction avec l&rsquo;expos\u00e9 selon lequel les besoins des populations sont toujours de plus en plus urgents ?<\/p>\n<p>Enfin, en partenariat avec la F\u00e9d\u00e9ration des Services sociaux, la Commission communautaire fran\u00e7aise op\u00e8re dans l&rsquo;\u00e9change de bonnes pratiques avec la Mairie de Bucarest pour l&rsquo;am\u00e9lioration des services dispens\u00e9s par les organisations d&rsquo;aide alimentaire. En effet, cinq cantines sociales \u00e0 Bucarest pr\u00e9parent et distribuent quotidiennement de la nourriture aux personnes d\u00e9favoris\u00e9es. A ce sujet, la Ministre peut-elle pr\u00e9ciser les r\u00e9sultats engrang\u00e9s par ces \u00e9changes de pratiques ?<\/p>\n<p><strong>R\u00e9ponse :<\/strong><\/p>\n<p>En ce qui concerne les relations bilat\u00e9rales, la Commission communautaire fran\u00e7aise poss\u00e8de des accords internationaux avec 13 pays ou r\u00e9gions autonomes et d\u00e9veloppe ainsi, via WBI, des relations continues avec 12 pays diff\u00e9rents.<\/p>\n<p>Le but est de consolider les relations avec les pays partenaires et d&rsquo;am\u00e9liorer la qualit\u00e9 des collaborations en tenant compte de l&rsquo;\u00e9mergence des nouveaux besoins des populations concern\u00e9es et de nouvelles probl\u00e9matiques soci\u00e9tales, en lien avec les comp\u00e9tences de la Commission communautaire fran\u00e7aise. Ces coop\u00e9rations internationales mettent \u00e9galement en avant le savoir-faire des Bruxellois francophones \u00e0 l&rsquo;\u00e9tranger, la plupart des projets \u00e9tant port\u00e9s par le monde associatif bruxellois francophone.<\/p>\n<p>Nous poursuivrons les 3 grands objectifs que nous nous \u00e9tions fix\u00e9s en d\u00e9but de l\u00e9gislature et que la Ministre-Pr\u00e9sidente a rappel\u00e9s dans sa d\u00e9claration de rentr\u00e9e. Ces r\u00e9formes sont par ailleurs d\u00e9j\u00e0 entam\u00e9es.<\/p>\n<p>Premi\u00e8rement, nous avons davantage recentr\u00e9 les subventions de WBI sur les projets qui ont directement un lien avec la coop\u00e9ration internationale plut\u00f4t que des \u00e9v\u00e9nements situ\u00e9s sur le territoire bruxellois. Aujourd&rsquo;hui, la totalit\u00e9 des projets que la Commission communautaire fran\u00e7aise a subventionn\u00e9s via WBI sont dans ce cas.<\/p>\n<p>C&rsquo;est d\u00e9sormais aussi le cas de 65 % des subsides initiatives se trouvant sur des AB Commission communautaire fran\u00e7aise. Auparavant, 90 % de ces subsides \u00e9taient consacr\u00e9s \u00e0 l&rsquo;organisation de colloques \u00e0 Bruxelles ou \u00e0 la participation d&rsquo;op\u00e9rateurs bruxellois \u00e0 des colloques \u00e0 l&rsquo;\u00e9tranger.<\/p>\n<p>Le second objectif a \u00e9t\u00e9 r\u00e9alis\u00e9, il s&rsquo;agissait d&rsquo;un ciblage plus pr\u00e9cis des projets sur les th\u00e9matiques de la Commission communautaire fran\u00e7aise. C&rsquo;est chose faite puisque, fin 2016, on d\u00e9nombrait dans les projets Commission communautaire fran\u00e7aise \u00e0 WBI, 9 projets en lien avec la sant\u00e9, 9 en lien avec la politique des personnes handicap\u00e9es, 5 concernant la formation professionnelle et l&rsquo;enseignement, 4 sur l&rsquo;Action et la Coh\u00e9sion sociale, 1 projet culturel et 1 projet transversal.<\/p>\n<p>La Commission communautaire fran\u00e7aise participe \u00e9galement, via WBI, au travail et au financement d&rsquo;institutions mettant en avant la francophonie et la culture comme l&rsquo;Institut pour la Coop\u00e9ration audiovisuelle francophone, la Commission Belge francophone et germanophone de (&lsquo;UNESCO, la Conseil Wallonie-Bruxelles de la Coop\u00e9ration Internationale et le Centre culturel Wallonie-Bruxelles de Paris.<\/p>\n<p>Enfin, l&rsquo;accent a \u00e9t\u00e9 mis prioritairement sur des projets dans les pays avec lesquels la Commission communautaire fran\u00e7aise a des accords ou ceux avec lesquels elle poss\u00e8de une commission mixte. Alors que l&rsquo;on constatait une trop grande dispersion des subsides, d\u00e9sormais, 95 % des subventions concernent des pays avec lesquels la Commission communautaire fran\u00e7aise a des accords ou, en tout, cas, participe aux Commissions mixtes.<\/p>\n<p>Il faut remarquer que si un recentrage a \u00e9t\u00e9 n\u00e9cessaire, nous n&rsquo;avons abandonn\u00e9 aucun partenariat. Un nouveau projet de coop\u00e9ration a d&rsquo;ailleurs d\u00e9but\u00e9 avec le Vietnam en 2015 et un accord Commission communautaire fran\u00e7aise-Tunisie devrait voir le jour dans le courant de cette ann\u00e9e.<\/p>\n<p>En ce qui concerne le projet d&rsquo;\u00e9changes entre la Commission communautaire fran\u00e7aise et la Mairie de Bucarest, L&rsquo;objectif g\u00e9n\u00e9ral du projet est de soutenir des \u00e9changes de pratiques pour am\u00e9liorer les services dispens\u00e9s par les organisations d&rsquo;aide alimentaire.<\/p>\n<p>En R\u00e9gion de Bruxelles-Capitale, les acteurs de la coop\u00e9ration sont d&rsquo;une part la F\u00e9d\u00e9ration des Services sociaux qui anime la Concertation Aide Alimentaire et d&rsquo;autre part les associations de terrain actives dans l&rsquo;aide alimentaire : distributeurs de colis de vivres, restaurants sociaux et \u00e9pices sociales. A Bucarest, les b\u00e9n\u00e9ficiaires de la coop\u00e9ration seront les cinq cantines sociales qui pr\u00e9parent et distribuent quotidiennement de la nourriture aux personnes les plus d\u00e9favoris\u00e9es.<\/p>\n<p>La premi\u00e8re \u00e9tape du projet a consist\u00e9 \u00e0 analyser de part et d&rsquo;autre le fonctionnement de l&rsquo;aide alimentaire.<\/p>\n<p>C&rsquo;est ainsi que quatre experts de Bruxelles ont men\u00e9 une mission \u00e0 Bucarest les 16-19 novembre 2015 et trois experts de Bucarest ont \u00e9t\u00e9 accueillis \u00e0 Bruxelles les 25- 27 octobre 2016.<\/p>\n<p>A Bucarest, ont \u00e9t\u00e9 visit\u00e9s des projets coordonn\u00e9s par la Mairie de Bucarest et d&rsquo;autres g\u00e9r\u00e9s par des associations. Il ressort des rencontres que la Mairie de Bucarest souhaite d\u00e9velopper de nouveaux projets et de nouvelles mani\u00e8res de faire de l&rsquo;aide alimentaire. Comme projet sp\u00e9cifique, la Mairie a cibl\u00e9 le d\u00e9veloppement d&rsquo;une banque alimentaire. Quant aux associations visit\u00e9es, elles ont montr\u00e9 de l&rsquo;int\u00e9r\u00eat sur la gestion et l&rsquo;utilisation du Fonds europ\u00e9en d&rsquo;aide aux plus d\u00e9munis, le travail et le fonctionnement des \u00e9piceries sociales, les formations sur la gestion des cuisines, le projet \u00ab\u00a0Bourse aux dons\u00a0\u00bb et les ateliers nutrition-sant\u00e9 mis en place par la F\u00e9d\u00e9ration des Services sociaux au profit des b\u00e9n\u00e9ficiaires de l&rsquo;aide alimentaire.<\/p>\n<p>A Bruxelles, l&rsquo;Administration de la Commission communautaire fran\u00e7aise et la F\u00e9d\u00e9ration des Services sociaux ont accueilli une d\u00e9l\u00e9gation compos\u00e9e de repr\u00e9sentants de la Mairie de Bucarest et de l&rsquo;association Parada. Plusieurs activit\u00e9s ont \u00e9t\u00e9 organis\u00e9es, dont une visite de la Banque alimentaire Bruxelles-Brabant, du march\u00e9 matinal de Bruxelles (projet Dream) et de structures d&rsquo;aide alimentaire (restaurants sociaux, \u00e9piceries sociales et distributions de colis), une pr\u00e9sentation du fonctionnement de l&rsquo;aide alimentaire et des projets Bourse aux dons et Solifood et une participation \u00e0 une pl\u00e9ni\u00e8re de la Concertation Aide Alimentaire de la F\u00e9d\u00e9ration des Services sociaux. En cl\u00f4ture de cette mission, les diff\u00e9rents partenaires du projet ont soumis des propositions pour les collaborations \u00e0 d\u00e9velopper en 2017:<\/p>\n<p>&#8211; Cr\u00e9ation \u00e0 Bucarest d&rsquo;une Banque alimentaire et de restaurants sociaux;<\/p>\n<p>&#8211; Mise en place \u00e0 Bucarest d&rsquo;une concertation public\/soci\u00e9t\u00e9 civile sur l&rsquo;aide alimentaire;<\/p>\n<p>&#8211; Participation au Fonds europ\u00e9en d&rsquo;aide aux plus d\u00e9munis;<\/p>\n<p>&#8211; \u00c9tude du fonctionnement du service de distribution de repas \u00e0 domicile.<\/p>\n<p>&nbsp;<\/p>\n<p><em>Pour retrouver le texte dans son int\u00e9gralit\u00e9, cliquez <a href=\"http:\/\/www.pfb.irisnet.be\/documents\/bulletin-des-questions-et-des-reponses-du-10-mars-2017\/document\">ici<\/a>.<\/em><br \/>\n<em> BQR n\u00b07 (2016-2017), pp. 29-31<\/em><\/p>\n","protected":false},"excerpt":{"rendered":"<p>Question \u00e9crite de Monsieur Ga\u00ebtan VAN GOIDSENHOVEN, D\u00e9put\u00e9, adress\u00e9e \u00e0 Madame C\u00e9line FREMAULT, [&hellip;]<\/p>\n","protected":false},"author":2,"featured_media":0,"comment_status":"closed","ping_status":"open","sticky":false,"template":"","format":"standard","meta":{"ngg_post_thumbnail":0,"footnotes":""},"categories":[33],"tags":[],"class_list":["post-823","post","type-post","status-publish","format-standard","hentry","category-questions-ecrites"],"aioseo_notices":[],"_links":{"self":[{"href":"https:\/\/gaetanvangoidsenhoven.be\/index.php\/wp-json\/wp\/v2\/posts\/823","targetHints":{"allow":["GET"]}}],"collection":[{"href":"https:\/\/gaetanvangoidsenhoven.be\/index.php\/wp-json\/wp\/v2\/posts"}],"about":[{"href":"https:\/\/gaetanvangoidsenhoven.be\/index.php\/wp-json\/wp\/v2\/types\/post"}],"author":[{"embeddable":true,"href":"https:\/\/gaetanvangoidsenhoven.be\/index.php\/wp-json\/wp\/v2\/users\/2"}],"replies":[{"embeddable":true,"href":"https:\/\/gaetanvangoidsenhoven.be\/index.php\/wp-json\/wp\/v2\/comments?post=823"}],"version-history":[{"count":1,"href":"https:\/\/gaetanvangoidsenhoven.be\/index.php\/wp-json\/wp\/v2\/posts\/823\/revisions"}],"predecessor-version":[{"id":824,"href":"https:\/\/gaetanvangoidsenhoven.be\/index.php\/wp-json\/wp\/v2\/posts\/823\/revisions\/824"}],"wp:attachment":[{"href":"https:\/\/gaetanvangoidsenhoven.be\/index.php\/wp-json\/wp\/v2\/media?parent=823"}],"wp:term":[{"taxonomy":"category","embeddable":true,"href":"https:\/\/gaetanvangoidsenhoven.be\/index.php\/wp-json\/wp\/v2\/categories?post=823"},{"taxonomy":"post_tag","embeddable":true,"href":"https:\/\/gaetanvangoidsenhoven.be\/index.php\/wp-json\/wp\/v2\/tags?post=823"}],"curies":[{"name":"wp","href":"https:\/\/api.w.org\/{rel}","templated":true}]}}